{"id":4572,"date":"2012-10-23T18:50:07","date_gmt":"2012-10-23T18:50:07","guid":{"rendered":"http:\/\/www.ticmais.pt\/?p=4572"},"modified":"2012-10-23T18:50:07","modified_gmt":"2012-10-23T18:50:07","slug":"apple-apresenta-ipad-4-e-ipad-mini","status":"publish","type":"post","link":"https:\/\/www.ticmais.pt\/?p=4572","title":{"rendered":"Apple apresenta iPad 4 e iPad Mini"},"content":{"rendered":"<p><img decoding=\"async\" class=\"alignleft\" src=\"\/\/www.ticmais.pt\/ticmais\/imagens\/AppleapresentaiPad4eiPadMini.png\" alt=\"\" \/><\/p>\n<p>A Apple acaba de apresentar o iPad 4 e o iPad Mini. Est\u00e3o dispon\u00edveis em Portugal no dia 2 de novembro. Dois novos tablets que v\u00eam refor\u00e7ar a posi\u00e7\u00e3o da Apple neste segmento. <a href=\"http:\/\/exameinformatica.sapo.pt\/noticias\/hardware\/2012\/10\/23\/apple-apresenta-ipad-4-e-ipad-mini\" target=\"_blank\">Mais&#8230;<\/a><\/p>\n<p><strong>Not\u00edcias relacionadas:<\/strong><br \/>\n<a href=\"http:\/\/exameinformatica.sapo.pt\/noticias\/hardware\/2012\/10\/23\/apple-lanca-novo-imac\" target=\"_blank\">Apple lan\u00e7a novo iMac<\/a><br \/>\n<a href=\"http:\/\/exameinformatica.sapo.pt\/noticias\/hardware\/2012\/10\/23\/apple-revela-macbook-pro-13-retina\" target=\"_blank\">Apple revela Macbook Pro 13&#8243; Retina<\/a><\/p>\n","protected":false},"excerpt":{"rendered":"<p>A Apple acaba de apresentar o iPad 4 e o iPad Mini. Est\u00e3o dispon\u00edveis em Portugal no dia 2 de novembro. Dois novos tablets que v\u00eam refor\u00e7ar a posi\u00e7\u00e3o da Apple neste segmento. Mais&#8230; Not\u00edcias relacionadas: Apple lan\u00e7a novo iMac Apple revela Macbook Pro 13&#8243; Retina<\/p>\n","protected":false},"author":1,"featured_media":0,"comment_status":"closed","ping_status":"closed","sticky":false,"template":"","format":"standard","meta":{"footnotes":""},"categories":[15],"tags":[103,2366,2367,1120,1723,1903],"class_list":["post-4572","post","type-post","status-publish","format-standard","hentry","category-tic-mais","tag-apple","tag-imac","tag-ipad-4","tag-lancamento","tag-macbook-pro","tag-novo"],"_links":{"self":[{"href":"https:\/\/www.ticmais.pt\/index.php?rest_route=\/wp\/v2\/posts\/4572","targetHints":{"allow":["GET"]}}],"collection":[{"href":"https:\/\/www.ticmais.pt\/index.php?rest_route=\/wp\/v2\/posts"}],"about":[{"href":"https:\/\/www.ticmais.pt\/index.php?rest_route=\/wp\/v2\/types\/post"}],"author":[{"embeddable":true,"href":"https:\/\/www.ticmais.pt\/index.php?rest_route=\/wp\/v2\/users\/1"}],"replies":[{"embeddable":true,"href":"https:\/\/www.ticmais.pt\/index.php?rest_route=%2Fwp%2Fv2%2Fcomments&post=4572"}],"version-history":[{"count":0,"href":"https:\/\/www.ticmais.pt\/index.php?rest_route=\/wp\/v2\/posts\/4572\/revisions"}],"wp:attachment":[{"href":"https:\/\/www.ticmais.pt\/index.php?rest_route=%2Fwp%2Fv2%2Fmedia&parent=4572"}],"wp:term":[{"taxonomy":"category","embeddable":true,"href":"https:\/\/www.ticmais.pt\/index.php?rest_route=%2Fwp%2Fv2%2Fcategories&post=4572"},{"taxonomy":"post_tag","embeddable":true,"href":"https:\/\/www.ticmais.pt\/index.php?rest_route=%2Fwp%2Fv2%2Ftags&post=4572"}],"curies":[{"name":"wp","href":"https:\/\/api.w.org\/{rel}","templated":true}]}}