{"id":4582,"date":"2012-11-01T00:22:07","date_gmt":"2012-11-01T00:22:07","guid":{"rendered":"http:\/\/www.ticmais.pt\/?p=4582"},"modified":"2012-11-01T00:22:07","modified_gmt":"2012-11-01T00:22:07","slug":"acer-mostra-novas-armas-com-windows-8","status":"publish","type":"post","link":"https:\/\/www.ticmais.pt\/?p=4582","title":{"rendered":"Acer mostra novas armas com Windows 8"},"content":{"rendered":"<p><img decoding=\"async\" class=\"alignleft\" src=\"\/\/www.ticmais.pt\/ticmais\/imagens\/AcermostranovasarmascomWindows8.png\" alt=\"\" \/><\/p>\n<p style=\"text-align: justify;\">A Acer mostrou ontem em Londres as vers\u00f5es finais das suas primeiras propostas para tirar partido das capacidades do novo sistema operativo da Microsoft, apostando quer nos tablets cl\u00e1ssicos e nos port\u00e1teis h\u00edbridos, quer em solu\u00e7\u00f5es para potenciar a utiliza\u00e7\u00e3o do Windows 8 em computadores de secret\u00e1ria. <a href=\"http:\/\/tek.sapo.pt\/multimedia\/acer_mostra_novas_armas_com_windows_8_1279175.html\" target=\"_blank\">Mais&#8230;<\/a><\/p>\n<p style=\"text-align: justify;\"><strong>Not\u00edcia relacionada:<\/strong><br \/>\n<a href=\"http:\/\/tek.sapo.pt\/multimedia\/quinteto_portatil_toshiba_com_windows_8_1279133.html\" target=\"_blank\">Quinteto port\u00e1til Toshiba com Windows 8<\/a><\/p>\n","protected":false},"excerpt":{"rendered":"<p>A Acer mostrou ontem em Londres as vers\u00f5es finais das suas primeiras propostas para tirar partido das capacidades do novo sistema operativo da Microsoft, apostando quer nos tablets cl\u00e1ssicos e nos port\u00e1teis h\u00edbridos, quer em solu\u00e7\u00f5es para potenciar a utiliza\u00e7\u00e3o do Windows 8 em computadores de secret\u00e1ria. Mais&#8230; Not\u00edcia relacionada: Quinteto port\u00e1til Toshiba com Windows [&hellip;]<\/p>\n","protected":false},"author":1,"featured_media":0,"comment_status":"closed","ping_status":"closed","sticky":false,"template":"","format":"standard","meta":{"footnotes":""},"categories":[15],"tags":[204,2378,236,2379,490],"class_list":["post-4582","post","type-post","status-publish","format-standard","hentry","category-tic-mais","tag-acer","tag-aspire","tag-computadores","tag-notebook","tag-portateis"],"_links":{"self":[{"href":"https:\/\/www.ticmais.pt\/index.php?rest_route=\/wp\/v2\/posts\/4582","targetHints":{"allow":["GET"]}}],"collection":[{"href":"https:\/\/www.ticmais.pt\/index.php?rest_route=\/wp\/v2\/posts"}],"about":[{"href":"https:\/\/www.ticmais.pt\/index.php?rest_route=\/wp\/v2\/types\/post"}],"author":[{"embeddable":true,"href":"https:\/\/www.ticmais.pt\/index.php?rest_route=\/wp\/v2\/users\/1"}],"replies":[{"embeddable":true,"href":"https:\/\/www.ticmais.pt\/index.php?rest_route=%2Fwp%2Fv2%2Fcomments&post=4582"}],"version-history":[{"count":0,"href":"https:\/\/www.ticmais.pt\/index.php?rest_route=\/wp\/v2\/posts\/4582\/revisions"}],"wp:attachment":[{"href":"https:\/\/www.ticmais.pt\/index.php?rest_route=%2Fwp%2Fv2%2Fmedia&parent=4582"}],"wp:term":[{"taxonomy":"category","embeddable":true,"href":"https:\/\/www.ticmais.pt\/index.php?rest_route=%2Fwp%2Fv2%2Fcategories&post=4582"},{"taxonomy":"post_tag","embeddable":true,"href":"https:\/\/www.ticmais.pt\/index.php?rest_route=%2Fwp%2Fv2%2Ftags&post=4582"}],"curies":[{"name":"wp","href":"https:\/\/api.w.org\/{rel}","templated":true}]}}