{"id":4598,"date":"2012-11-19T00:01:23","date_gmt":"2012-11-19T00:01:23","guid":{"rendered":"http:\/\/www.ticmais.pt\/?p=4598"},"modified":"2012-11-19T00:01:23","modified_gmt":"2012-11-19T00:01:23","slug":"receitas-aplicadas-na-europa-levarao-a-uma-recessao-brutal","status":"publish","type":"post","link":"https:\/\/www.ticmais.pt\/?p=4598","title":{"rendered":"&#8220;Receitas aplicadas na Europa levar\u00e3o a uma recess\u00e3o brutal&#8221;"},"content":{"rendered":"<p style=\"text-align: justify;\"><img decoding=\"async\" class=\"alignleft\" src=\"\/\/www.ticmais.pt\/ticmais\/imagens\/ReceitasaplicadasnaEuropalevaroaumarecessobrutal.png\" alt=\"\" \/>A presidente brasileira citou a experi\u00eancia da Am\u00e9rica Latina para criticar o caminho europeu da austeridade.<br \/>\n&#8220;N\u00e3o creio que o problema na Europa seja o Estado social. A quest\u00e3o \u00e9 que foram aplicadas solu\u00e7\u00f5es inadequadas para a crise, e o resultado foi um empobrecimento das classes m\u00e9dias. A este ritmo, vai produzir-se uma recess\u00e3o generalizada&#8221;, afirmou Dilma Rousseff em entrevista ao jornal \u2018El Pa\u00eds&#8217;. <a href=\"http:\/\/economico.sapo.pt\/noticias\/receitas-aplicadas-na-europa-levarao-a-uma-recessao-brutal_156480.html\" target=\"_blank\">Mais&#8230;<\/a><\/p>\n<p style=\"text-align: justify;\"><a href=\"http:\/\/www.ticmais.pt\/?p=1234\"><img decoding=\"async\" src=\"\/\/www.ticmais.pt\/ticmais\/imagens\/ticmaislogomini.png\" alt=\"\" \/><\/a><\/p>\n","protected":false},"excerpt":{"rendered":"<p>A presidente brasileira citou a experi\u00eancia da Am\u00e9rica Latina para criticar o caminho europeu da austeridade. &#8220;N\u00e3o creio que o problema na Europa seja o Estado social. A quest\u00e3o \u00e9 que foram aplicadas solu\u00e7\u00f5es inadequadas para a crise, e o resultado foi um empobrecimento das classes m\u00e9dias. A este ritmo, vai produzir-se uma recess\u00e3o generalizada&#8221;, [&hellip;]<\/p>\n","protected":false},"author":1,"featured_media":0,"comment_status":"closed","ping_status":"closed","sticky":false,"template":"","format":"standard","meta":{"footnotes":""},"categories":[15],"tags":[2397,2064,245,2398,559],"class_list":["post-4598","post","type-post","status-publish","format-standard","hentry","category-tic-mais","tag-america-latina","tag-austeridade","tag-crise","tag-dilma-rousseff","tag-europa"],"_links":{"self":[{"href":"https:\/\/www.ticmais.pt\/index.php?rest_route=\/wp\/v2\/posts\/4598","targetHints":{"allow":["GET"]}}],"collection":[{"href":"https:\/\/www.ticmais.pt\/index.php?rest_route=\/wp\/v2\/posts"}],"about":[{"href":"https:\/\/www.ticmais.pt\/index.php?rest_route=\/wp\/v2\/types\/post"}],"author":[{"embeddable":true,"href":"https:\/\/www.ticmais.pt\/index.php?rest_route=\/wp\/v2\/users\/1"}],"replies":[{"embeddable":true,"href":"https:\/\/www.ticmais.pt\/index.php?rest_route=%2Fwp%2Fv2%2Fcomments&post=4598"}],"version-history":[{"count":0,"href":"https:\/\/www.ticmais.pt\/index.php?rest_route=\/wp\/v2\/posts\/4598\/revisions"}],"wp:attachment":[{"href":"https:\/\/www.ticmais.pt\/index.php?rest_route=%2Fwp%2Fv2%2Fmedia&parent=4598"}],"wp:term":[{"taxonomy":"category","embeddable":true,"href":"https:\/\/www.ticmais.pt\/index.php?rest_route=%2Fwp%2Fv2%2Fcategories&post=4598"},{"taxonomy":"post_tag","embeddable":true,"href":"https:\/\/www.ticmais.pt\/index.php?rest_route=%2Fwp%2Fv2%2Ftags&post=4598"}],"curies":[{"name":"wp","href":"https:\/\/api.w.org\/{rel}","templated":true}]}}