{"id":4599,"date":"2012-11-20T00:45:24","date_gmt":"2012-11-20T00:45:24","guid":{"rendered":"http:\/\/www.ticmais.pt\/?p=4599"},"modified":"2020-03-25T22:56:58","modified_gmt":"2020-03-25T21:56:58","slug":"ue-quer-reforco-no-ensino-de-competencias-na-area-das-ti","status":"publish","type":"post","link":"https:\/\/www.ticmais.pt\/?p=4599","title":{"rendered":"UE quer refor\u00e7o no ensino de compet\u00eancias na \u00e1rea das TI"},"content":{"rendered":"<p><img decoding=\"async\" class=\"alignleft\" src=\"\/\/www.ticmais.pt\/ticmais\/imagens\/UEquerreforonoensinodecompetnciasnareadasTI.png\" alt=\"\" \/><\/p>\n<p style=\"text-align: justify;\">Um relat\u00f3rio da Comiss\u00e3o Europeia concluiu que apesar de o ensino das tecnologias de informa\u00e7\u00e3o estar implementado nos sistemas de ensino b\u00e1sico e secund\u00e1rios dos diferentes pa\u00edses europeus, as escolas ainda n\u00e3o atribuem import\u00e2ncia suficiente a esta \u00e1rea de conhecimento. <a href=\"http:\/\/tek.sapo.pt\/noticias\/computadores\/ue_quer_reforco_no_ensino_de_competencias_na_1282940.html\" target=\"_blank\" rel=\"noopener noreferrer\">Mais&#8230;<\/a><\/p>\n<p style=\"text-align: justify;\"><span style=\"color: #ffffff;\">a<\/span><\/p>\n<p style=\"text-align: justify;\"><a href=\"http:\/\/www.ticmais.pt\/?p=1234\"><img decoding=\"async\" src=\"\/\/www.ticmais.pt\/ticmais\/imagens\/ticmaislogomini.png\" alt=\"\" \/><\/a><\/p>\n","protected":false},"excerpt":{"rendered":"<p>Um relat\u00f3rio da Comiss\u00e3o Europeia concluiu que apesar de o ensino das tecnologias de informa\u00e7\u00e3o estar implementado nos sistemas de ensino b\u00e1sico e secund\u00e1rios dos diferentes pa\u00edses europeus, as escolas ainda n\u00e3o atribuem import\u00e2ncia suficiente a esta \u00e1rea de conhecimento. Mais&#8230; a<\/p>\n","protected":false},"author":1,"featured_media":0,"comment_status":"closed","ping_status":"closed","sticky":false,"template":"","format":"standard","meta":{"footnotes":""},"categories":[15],"tags":[2265,1356,2399,1453,132,143,363,109],"class_list":["post-4599","post","type-post","status-publish","format-standard","hentry","category-tic-mais","tag-alunos","tag-competencias","tag-disciplina","tag-escola","tag-portugal","tag-professores","tag-tic","tag-ue"],"_links":{"self":[{"href":"https:\/\/www.ticmais.pt\/index.php?rest_route=\/wp\/v2\/posts\/4599","targetHints":{"allow":["GET"]}}],"collection":[{"href":"https:\/\/www.ticmais.pt\/index.php?rest_route=\/wp\/v2\/posts"}],"about":[{"href":"https:\/\/www.ticmais.pt\/index.php?rest_route=\/wp\/v2\/types\/post"}],"author":[{"embeddable":true,"href":"https:\/\/www.ticmais.pt\/index.php?rest_route=\/wp\/v2\/users\/1"}],"replies":[{"embeddable":true,"href":"https:\/\/www.ticmais.pt\/index.php?rest_route=%2Fwp%2Fv2%2Fcomments&post=4599"}],"version-history":[{"count":0,"href":"https:\/\/www.ticmais.pt\/index.php?rest_route=\/wp\/v2\/posts\/4599\/revisions"}],"wp:attachment":[{"href":"https:\/\/www.ticmais.pt\/index.php?rest_route=%2Fwp%2Fv2%2Fmedia&parent=4599"}],"wp:term":[{"taxonomy":"category","embeddable":true,"href":"https:\/\/www.ticmais.pt\/index.php?rest_route=%2Fwp%2Fv2%2Fcategories&post=4599"},{"taxonomy":"post_tag","embeddable":true,"href":"https:\/\/www.ticmais.pt\/index.php?rest_route=%2Fwp%2Fv2%2Ftags&post=4599"}],"curies":[{"name":"wp","href":"https:\/\/api.w.org\/{rel}","templated":true}]}}