{"id":4605,"date":"2012-11-26T14:49:28","date_gmt":"2012-11-26T14:49:28","guid":{"rendered":"http:\/\/www.ticmais.pt\/?p=4605"},"modified":"2012-11-26T14:49:28","modified_gmt":"2012-11-26T14:49:28","slug":"ao-ritmo-actual-europa-demora-um-seculo-para-levar-fibra-a-cada-casa","status":"publish","type":"post","link":"https:\/\/www.ticmais.pt\/?p=4605","title":{"rendered":"Ao ritmo actual, Europa demora um s\u00e9culo para levar fibra a cada casa"},"content":{"rendered":"<p><img decoding=\"async\" class=\"alignleft\" src=\"\/\/www.ticmais.pt\/ticmais\/imagens\/AoritmoactualEuropademoraumsculoparalevarfibraacadacasa.png\" alt=\"\" \/><\/p>\n<p style=\"text-align: justify;\">A Europa n\u00e3o est\u00e1 a investir o suficiente em fibra \u00f3ptica e, em resultado disso, levar as redes de banda larga baseadas em fibra \u00f3ptica a cada fam\u00edlia na UE pode levar 92 anos, segundo um estudo do FTTH Council Europe. A sua presidente da direc\u00e7\u00e3o, Karin Ahl, apela \u00e0s institui\u00e7\u00f5es da UE para uma ac\u00e7\u00e3o mais agressiva na implanta\u00e7\u00e3o de fibra para n\u00e3o perder competitividade. <a href=\"http:\/\/www.computerworld.com.pt\/2012\/11\/26\/ao-ritmo-actual-europa-demora-um-seculo-para-levar-fibra-a-cada-casa\/\" target=\"_blank\">Mais&#8230;<\/a><\/p>\n","protected":false},"excerpt":{"rendered":"<p>A Europa n\u00e3o est\u00e1 a investir o suficiente em fibra \u00f3ptica e, em resultado disso, levar as redes de banda larga baseadas em fibra \u00f3ptica a cada fam\u00edlia na UE pode levar 92 anos, segundo um estudo do FTTH Council Europe. A sua presidente da direc\u00e7\u00e3o, Karin Ahl, apela \u00e0s institui\u00e7\u00f5es da UE para uma [&hellip;]<\/p>\n","protected":false},"author":1,"featured_media":0,"comment_status":"closed","ping_status":"closed","sticky":false,"template":"","format":"standard","meta":{"footnotes":""},"categories":[15],"tags":[420,559,124,829,99],"class_list":["post-4605","post","type-post","status-publish","format-standard","hentry","category-tic-mais","tag-competitividade","tag-europa","tag-fibra-optica","tag-ftth","tag-uniao-europeia"],"_links":{"self":[{"href":"https:\/\/www.ticmais.pt\/index.php?rest_route=\/wp\/v2\/posts\/4605","targetHints":{"allow":["GET"]}}],"collection":[{"href":"https:\/\/www.ticmais.pt\/index.php?rest_route=\/wp\/v2\/posts"}],"about":[{"href":"https:\/\/www.ticmais.pt\/index.php?rest_route=\/wp\/v2\/types\/post"}],"author":[{"embeddable":true,"href":"https:\/\/www.ticmais.pt\/index.php?rest_route=\/wp\/v2\/users\/1"}],"replies":[{"embeddable":true,"href":"https:\/\/www.ticmais.pt\/index.php?rest_route=%2Fwp%2Fv2%2Fcomments&post=4605"}],"version-history":[{"count":0,"href":"https:\/\/www.ticmais.pt\/index.php?rest_route=\/wp\/v2\/posts\/4605\/revisions"}],"wp:attachment":[{"href":"https:\/\/www.ticmais.pt\/index.php?rest_route=%2Fwp%2Fv2%2Fmedia&parent=4605"}],"wp:term":[{"taxonomy":"category","embeddable":true,"href":"https:\/\/www.ticmais.pt\/index.php?rest_route=%2Fwp%2Fv2%2Fcategories&post=4605"},{"taxonomy":"post_tag","embeddable":true,"href":"https:\/\/www.ticmais.pt\/index.php?rest_route=%2Fwp%2Fv2%2Ftags&post=4605"}],"curies":[{"name":"wp","href":"https:\/\/api.w.org\/{rel}","templated":true}]}}