{"id":4607,"date":"2012-12-01T22:12:19","date_gmt":"2012-12-01T22:12:19","guid":{"rendered":"http:\/\/www.ticmais.pt\/?p=4607"},"modified":"2012-12-01T22:12:19","modified_gmt":"2012-12-01T22:12:19","slug":"microsoft-anuncia-preco-para-o-surface-com-windows-8-pro","status":"publish","type":"post","link":"https:\/\/www.ticmais.pt\/?p=4607","title":{"rendered":"Microsoft anuncia pre\u00e7o para o Surface com Windows 8 Pro"},"content":{"rendered":"<p><img decoding=\"async\" class=\"alignleft\" src=\"\/\/www.ticmais.pt\/ticmais\/imagens\/MicrosoftanunciapreoparaoSurfacecomWindows8Pro.jpg\" alt=\"\" \/><\/p>\n<p style=\"text-align: justify;\">A Microsoft tinha indicado que a vers\u00e3o com Windows 8 Pro n\u00e3o chegaria ao mercado ao mesmo tempo que a vers\u00e3o RT, mas agora j\u00e1 sabemos que chegar\u00e1 em Janeiroa partir dos 899 d\u00f3lares. <a href=\"http:\/\/www.tecnologia.com.pt\/2012\/12\/microsoft-anuncia-preco-para-o-surface-com-windows-8-pro\/\" target=\"_blank\">Mais&#8230;<\/a><\/p>\n","protected":false},"excerpt":{"rendered":"<p>A Microsoft tinha indicado que a vers\u00e3o com Windows 8 Pro n\u00e3o chegaria ao mercado ao mesmo tempo que a vers\u00e3o RT, mas agora j\u00e1 sabemos que chegar\u00e1 em Janeiroa partir dos 899 d\u00f3lares. Mais&#8230;<\/p>\n","protected":false},"author":1,"featured_media":0,"comment_status":"closed","ping_status":"closed","sticky":false,"template":"","format":"standard","meta":{"footnotes":""},"categories":[15],"tags":[66,73,2201,75,2407],"class_list":["post-4607","post","type-post","status-publish","format-standard","hentry","category-tic-mais","tag-hibridos","tag-microsoft","tag-surface","tag-tablet","tag-windows-8-pro"],"_links":{"self":[{"href":"https:\/\/www.ticmais.pt\/index.php?rest_route=\/wp\/v2\/posts\/4607","targetHints":{"allow":["GET"]}}],"collection":[{"href":"https:\/\/www.ticmais.pt\/index.php?rest_route=\/wp\/v2\/posts"}],"about":[{"href":"https:\/\/www.ticmais.pt\/index.php?rest_route=\/wp\/v2\/types\/post"}],"author":[{"embeddable":true,"href":"https:\/\/www.ticmais.pt\/index.php?rest_route=\/wp\/v2\/users\/1"}],"replies":[{"embeddable":true,"href":"https:\/\/www.ticmais.pt\/index.php?rest_route=%2Fwp%2Fv2%2Fcomments&post=4607"}],"version-history":[{"count":0,"href":"https:\/\/www.ticmais.pt\/index.php?rest_route=\/wp\/v2\/posts\/4607\/revisions"}],"wp:attachment":[{"href":"https:\/\/www.ticmais.pt\/index.php?rest_route=%2Fwp%2Fv2%2Fmedia&parent=4607"}],"wp:term":[{"taxonomy":"category","embeddable":true,"href":"https:\/\/www.ticmais.pt\/index.php?rest_route=%2Fwp%2Fv2%2Fcategories&post=4607"},{"taxonomy":"post_tag","embeddable":true,"href":"https:\/\/www.ticmais.pt\/index.php?rest_route=%2Fwp%2Fv2%2Ftags&post=4607"}],"curies":[{"name":"wp","href":"https:\/\/api.w.org\/{rel}","templated":true}]}}