{"id":4630,"date":"2013-01-10T18:05:43","date_gmt":"2013-01-10T18:05:43","guid":{"rendered":"http:\/\/www.ticmais.pt\/?p=4630"},"modified":"2013-01-10T18:05:43","modified_gmt":"2013-01-10T18:05:43","slug":"ncycle-acham-que-ja-viram-tudo","status":"publish","type":"post","link":"https:\/\/www.ticmais.pt\/?p=4630","title":{"rendered":"nCycle, acham que j\u00e1 viram tudo!?"},"content":{"rendered":"<p><img decoding=\"async\" class=\"alignleft\" src=\"\/\/www.ticmais.pt\/ticmais\/imagens\/nCycleachamquejviramtudo.png\" alt=\"\" \/><\/p>\n<p>Idealizada por <a href=\"http:\/\/www.skyrill.com\/\" target=\"_blank\">Skyrill<\/a> e <a href=\"http:\/\/www.marinmyftiu.com\/\" target=\"_blank\">Marin Myftiu<\/a>, a <em>nCycle Concept Electric Bike<\/em> representa a tentativa dos designers reinventarem a bicicleta el\u00e9ctrica. Esta futurista <em>e-bicla<\/em> combina uma estrutura esbelta e simplificada com um poderoso motor el\u00e9ctrico, para oferecer uma alternativa r\u00e1pida e limpa ao transporte carburante. Dizem os inventores que procuraram criar uma bicicleta que se ajustasse facilmente \u00e0s necessidades do ciclista em vez de se adequar o comportamento do ciclista \u00e0 bicicleta. <a href=\"http:\/\/nabicicleta.com\/2013\/01\/04\/ncycle-acham-que-ja-viram-tudo\/\" target=\"_blank\">Mais&#8230;<\/a><\/p>\n","protected":false},"excerpt":{"rendered":"<p>Idealizada por Skyrill e Marin Myftiu, a nCycle Concept Electric Bike representa a tentativa dos designers reinventarem a bicicleta el\u00e9ctrica. Esta futurista e-bicla combina uma estrutura esbelta e simplificada com um poderoso motor el\u00e9ctrico, para oferecer uma alternativa r\u00e1pida e limpa ao transporte carburante. Dizem os inventores que procuraram criar uma bicicleta que se ajustasse [&hellip;]<\/p>\n","protected":false},"author":1,"featured_media":0,"comment_status":"closed","ping_status":"closed","sticky":false,"template":"","format":"standard","meta":{"footnotes":""},"categories":[15],"tags":[449,916,2429,2430],"class_list":["post-4630","post","type-post","status-publish","format-standard","hentry","category-tic-mais","tag-bicicleta","tag-conceitos","tag-e-bike","tag-n-cycle"],"_links":{"self":[{"href":"https:\/\/www.ticmais.pt\/index.php?rest_route=\/wp\/v2\/posts\/4630","targetHints":{"allow":["GET"]}}],"collection":[{"href":"https:\/\/www.ticmais.pt\/index.php?rest_route=\/wp\/v2\/posts"}],"about":[{"href":"https:\/\/www.ticmais.pt\/index.php?rest_route=\/wp\/v2\/types\/post"}],"author":[{"embeddable":true,"href":"https:\/\/www.ticmais.pt\/index.php?rest_route=\/wp\/v2\/users\/1"}],"replies":[{"embeddable":true,"href":"https:\/\/www.ticmais.pt\/index.php?rest_route=%2Fwp%2Fv2%2Fcomments&post=4630"}],"version-history":[{"count":0,"href":"https:\/\/www.ticmais.pt\/index.php?rest_route=\/wp\/v2\/posts\/4630\/revisions"}],"wp:attachment":[{"href":"https:\/\/www.ticmais.pt\/index.php?rest_route=%2Fwp%2Fv2%2Fmedia&parent=4630"}],"wp:term":[{"taxonomy":"category","embeddable":true,"href":"https:\/\/www.ticmais.pt\/index.php?rest_route=%2Fwp%2Fv2%2Fcategories&post=4630"},{"taxonomy":"post_tag","embeddable":true,"href":"https:\/\/www.ticmais.pt\/index.php?rest_route=%2Fwp%2Fv2%2Ftags&post=4630"}],"curies":[{"name":"wp","href":"https:\/\/api.w.org\/{rel}","templated":true}]}}