{"id":4659,"date":"2013-02-22T15:26:30","date_gmt":"2013-02-22T15:26:30","guid":{"rendered":"http:\/\/www.ticmais.pt\/?p=4659"},"modified":"2013-02-22T15:26:30","modified_gmt":"2013-02-22T15:26:30","slug":"volkswagen-afirma-ter-criado-carro-que-faz-100-km-por-litro-de-combustivel","status":"publish","type":"post","link":"https:\/\/www.ticmais.pt\/?p=4659","title":{"rendered":"Volkswagen afirma ter criado carro que faz 100 km por litro de combust\u00edvel"},"content":{"rendered":"<p><img decoding=\"async\" class=\"alignleft\" alt=\"\" src=\"\/\/www.ticmais.pt\/ticmais\/imagens\/Volkswagenafirmatercriadocarroquefaz100kmporlitrodecombustvel.png\" \/><\/p>\n<p style=\"text-align: justify;\">Ve\u00edculo funciona com motor h\u00edbrido e pode garantir uma gigantesca economia de combust\u00edvel para os consumidores.<br \/>\nTrata-se do XL1, que ser\u00e1 mostrado durante o Sal\u00e3o Internacional do Autom\u00f3vel de Genebra, em Mar\u00e7o. <a href=\"http:\/\/www.tecmundo.com.br\/volkswagen\/36861-volkswagen-afirma-ter-criado-carro-que-faz-100-km-por-litro-de-combustivel.htm\" target=\"_blank\">Mais&#8230;<\/a><\/p>\n<p style=\"text-align: justify;\"><strong>Not\u00edcia relacionada:<\/strong><br \/>\n<a href=\"http:\/\/www.portal-energia.com\/quem-matou-o-carro-eletrico-ev1-da-general-motors\/\" target=\"_blank\">Quem matou o carro el\u00e9trico EV1 da General Motors<\/a><\/p>\n","protected":false},"excerpt":{"rendered":"<p>Ve\u00edculo funciona com motor h\u00edbrido e pode garantir uma gigantesca economia de combust\u00edvel para os consumidores. Trata-se do XL1, que ser\u00e1 mostrado durante o Sal\u00e3o Internacional do Autom\u00f3vel de Genebra, em Mar\u00e7o. Mais&#8230; Not\u00edcia relacionada: Quem matou o carro el\u00e9trico EV1 da General Motors<\/p>\n","protected":false},"author":1,"featured_media":0,"comment_status":"closed","ping_status":"closed","sticky":false,"template":"","format":"standard","meta":{"footnotes":""},"categories":[15],"tags":[264,252,229,418],"class_list":["post-4659","post","type-post","status-publish","format-standard","hentry","category-tic-mais","tag-combustiveis","tag-economia","tag-veiculos-hibridos","tag-volkswagen"],"_links":{"self":[{"href":"https:\/\/www.ticmais.pt\/index.php?rest_route=\/wp\/v2\/posts\/4659","targetHints":{"allow":["GET"]}}],"collection":[{"href":"https:\/\/www.ticmais.pt\/index.php?rest_route=\/wp\/v2\/posts"}],"about":[{"href":"https:\/\/www.ticmais.pt\/index.php?rest_route=\/wp\/v2\/types\/post"}],"author":[{"embeddable":true,"href":"https:\/\/www.ticmais.pt\/index.php?rest_route=\/wp\/v2\/users\/1"}],"replies":[{"embeddable":true,"href":"https:\/\/www.ticmais.pt\/index.php?rest_route=%2Fwp%2Fv2%2Fcomments&post=4659"}],"version-history":[{"count":0,"href":"https:\/\/www.ticmais.pt\/index.php?rest_route=\/wp\/v2\/posts\/4659\/revisions"}],"wp:attachment":[{"href":"https:\/\/www.ticmais.pt\/index.php?rest_route=%2Fwp%2Fv2%2Fmedia&parent=4659"}],"wp:term":[{"taxonomy":"category","embeddable":true,"href":"https:\/\/www.ticmais.pt\/index.php?rest_route=%2Fwp%2Fv2%2Fcategories&post=4659"},{"taxonomy":"post_tag","embeddable":true,"href":"https:\/\/www.ticmais.pt\/index.php?rest_route=%2Fwp%2Fv2%2Ftags&post=4659"}],"curies":[{"name":"wp","href":"https:\/\/api.w.org\/{rel}","templated":true}]}}