{"id":4663,"date":"2013-03-02T00:29:40","date_gmt":"2013-03-02T00:29:40","guid":{"rendered":"http:\/\/www.ticmais.pt\/?p=4663"},"modified":"2013-03-02T00:29:40","modified_gmt":"2013-03-02T00:29:40","slug":"que-se-lixe-a-troika-com-direito-a-cobertura-de-imagens-em-360o","status":"publish","type":"post","link":"https:\/\/www.ticmais.pt\/?p=4663","title":{"rendered":"&#8220;Que se Lixe a Troika&#8221; com direito a cobertura de imagens em 360\u00ba"},"content":{"rendered":"<p><img decoding=\"async\" class=\"alignleft\" alt=\"\" src=\"\/\/www.ticmais.pt\/ticmais\/imagens\/QueseLixeaTroikacomdireitoacoberturadeimagensem360graus.jpg\" \/><\/p>\n<p>A empresa 3Decide vai usar a sua tecnologia aLIVE Panoramics para criar um document\u00e1rio web, publicado quase em tempo real, da manifesta\u00e7\u00e3o marcada para amanh\u00e3. <a href=\"http:\/\/tek.sapo.pt\/noticias\/internet\/que_se_lixe_a_troika_com_direito_a_cobertura_1302804.html\" target=\"_blank\">Mais&#8230;<\/a><\/p>\n<p>&nbsp;<\/p>\n<p><a href=\"http:\/\/www.google.pt\/webhp?sourceid=toolbar-instant&amp;hl=pt-PT&amp;ion=1&amp;qscrl=1&amp;rlz=1T4GZAZ_pt-PTPT501PT501#q=manifestacao+2+de+mar%C3%A7o+que+se+lixe+a+troika&amp;hl=pt-PT&amp;qscrl=1&amp;rlz=1T4GZAZ_pt-PTPT501PT501&amp;source=univ&amp;tbm=nws&amp;tbo=u&amp;sa=X&amp;ei=I0cxUeyfOYK0hAfz0ICQBw&amp;ved=0CC4QqAI&amp;bav=on.2,or.r_gc.r_pw.r_qf.&amp;bvm=bv.43148975,d.d2k&amp;fp=6c1b2bc5ce66dcef&amp;ion=1&amp;biw=1366&amp;bih=651\" target=\"_blank\">Outras not\u00edcias relacionadas:<\/p>\n<p><\/a><\/p>\n<p>&nbsp;<\/p>\n","protected":false},"excerpt":{"rendered":"<p>A empresa 3Decide vai usar a sua tecnologia aLIVE Panoramics para criar um document\u00e1rio web, publicado quase em tempo real, da manifesta\u00e7\u00e3o marcada para amanh\u00e3. Mais&#8230; &nbsp; Outras not\u00edcias relacionadas: &nbsp;<\/p>\n","protected":false},"author":1,"featured_media":0,"comment_status":"closed","ping_status":"closed","sticky":false,"template":"","format":"standard","meta":{"footnotes":""},"categories":[15],"tags":[245,2454,2455],"class_list":["post-4663","post","type-post","status-publish","format-standard","hentry","category-tic-mais","tag-crise","tag-manifestacao","tag-troika"],"_links":{"self":[{"href":"https:\/\/www.ticmais.pt\/index.php?rest_route=\/wp\/v2\/posts\/4663","targetHints":{"allow":["GET"]}}],"collection":[{"href":"https:\/\/www.ticmais.pt\/index.php?rest_route=\/wp\/v2\/posts"}],"about":[{"href":"https:\/\/www.ticmais.pt\/index.php?rest_route=\/wp\/v2\/types\/post"}],"author":[{"embeddable":true,"href":"https:\/\/www.ticmais.pt\/index.php?rest_route=\/wp\/v2\/users\/1"}],"replies":[{"embeddable":true,"href":"https:\/\/www.ticmais.pt\/index.php?rest_route=%2Fwp%2Fv2%2Fcomments&post=4663"}],"version-history":[{"count":0,"href":"https:\/\/www.ticmais.pt\/index.php?rest_route=\/wp\/v2\/posts\/4663\/revisions"}],"wp:attachment":[{"href":"https:\/\/www.ticmais.pt\/index.php?rest_route=%2Fwp%2Fv2%2Fmedia&parent=4663"}],"wp:term":[{"taxonomy":"category","embeddable":true,"href":"https:\/\/www.ticmais.pt\/index.php?rest_route=%2Fwp%2Fv2%2Fcategories&post=4663"},{"taxonomy":"post_tag","embeddable":true,"href":"https:\/\/www.ticmais.pt\/index.php?rest_route=%2Fwp%2Fv2%2Ftags&post=4663"}],"curies":[{"name":"wp","href":"https:\/\/api.w.org\/{rel}","templated":true}]}}