{"id":4696,"date":"2013-05-01T21:51:25","date_gmt":"2013-05-01T21:51:25","guid":{"rendered":"http:\/\/www.ticmais.pt\/?p=4696"},"modified":"2013-05-01T21:51:25","modified_gmt":"2013-05-01T21:51:25","slug":"arena-pernambuco-paixao-nacional-com-consciencia-sustentavel","status":"publish","type":"post","link":"https:\/\/www.ticmais.pt\/?p=4696","title":{"rendered":"Arena Pernambuco \u2013 paix\u00e3o nacional com consci\u00eancia sustent\u00e1vel"},"content":{"rendered":"<p><img decoding=\"async\" class=\"alignleft\" alt=\"\" src=\"\/\/www.ticmais.pt\/ticmais\/imagens\/ArenaPernambucopaixonacionalcomconscinciasustentvel.png\" \/><\/p>\n<p style=\"text-align: justify;\">Quando n\u00e3o estiver a abastecer o est\u00e1dio, a energia gerada ser\u00e1 direcionada para a rede de distribui\u00e7\u00e3o, podendo atender o consumo m\u00e9dio de at\u00e9 seis mil brasileiros. <a href=\"http:\/\/www.portal-energia.com\/arena-pernambuco-paixao-nacional-com-consciencia-sustentavel\/\" target=\"_blank\">Mais&#8230;<\/a><\/p>\n<p style=\"text-align: justify;\"><span style=\"color: #ffffff;\">.<\/span><\/p>\n<p style=\"text-align: justify;\"><a href=\"http:\/\/www.ticmais.pt\/?p=1234\"><img decoding=\"async\" alt=\"\" src=\"\/\/www.ticmais.pt\/ticmais\/imagens\/ticmaislogomini.png\" \/><\/a><\/p>\n","protected":false},"excerpt":{"rendered":"<p>Quando n\u00e3o estiver a abastecer o est\u00e1dio, a energia gerada ser\u00e1 direcionada para a rede de distribui\u00e7\u00e3o, podendo atender o consumo m\u00e9dio de at\u00e9 seis mil brasileiros. Mais&#8230; .<\/p>\n","protected":false},"author":1,"featured_media":0,"comment_status":"closed","ping_status":"closed","sticky":false,"template":"","format":"standard","meta":{"footnotes":""},"categories":[15],"tags":[2375,770,2468,25,53,26,869,1072],"class_list":["post-4696","post","type-post","status-publish","format-standard","hentry","category-tic-mais","tag-2375","tag-brasil","tag-campeonato","tag-ecologia-e-desenvolvimento-sustentavel","tag-eficiencia-energetica","tag-energias-renovaveis","tag-futebol","tag-mundo"],"_links":{"self":[{"href":"https:\/\/www.ticmais.pt\/index.php?rest_route=\/wp\/v2\/posts\/4696","targetHints":{"allow":["GET"]}}],"collection":[{"href":"https:\/\/www.ticmais.pt\/index.php?rest_route=\/wp\/v2\/posts"}],"about":[{"href":"https:\/\/www.ticmais.pt\/index.php?rest_route=\/wp\/v2\/types\/post"}],"author":[{"embeddable":true,"href":"https:\/\/www.ticmais.pt\/index.php?rest_route=\/wp\/v2\/users\/1"}],"replies":[{"embeddable":true,"href":"https:\/\/www.ticmais.pt\/index.php?rest_route=%2Fwp%2Fv2%2Fcomments&post=4696"}],"version-history":[{"count":0,"href":"https:\/\/www.ticmais.pt\/index.php?rest_route=\/wp\/v2\/posts\/4696\/revisions"}],"wp:attachment":[{"href":"https:\/\/www.ticmais.pt\/index.php?rest_route=%2Fwp%2Fv2%2Fmedia&parent=4696"}],"wp:term":[{"taxonomy":"category","embeddable":true,"href":"https:\/\/www.ticmais.pt\/index.php?rest_route=%2Fwp%2Fv2%2Fcategories&post=4696"},{"taxonomy":"post_tag","embeddable":true,"href":"https:\/\/www.ticmais.pt\/index.php?rest_route=%2Fwp%2Fv2%2Ftags&post=4696"}],"curies":[{"name":"wp","href":"https:\/\/api.w.org\/{rel}","templated":true}]}}