{"id":4725,"date":"2013-05-27T09:01:35","date_gmt":"2013-05-27T09:01:35","guid":{"rendered":"http:\/\/www.ticmais.pt\/?p=4725"},"modified":"2013-05-27T09:01:35","modified_gmt":"2013-05-27T09:01:35","slug":"o-milagre-da-expansao-da-cortica","status":"publish","type":"post","link":"https:\/\/www.ticmais.pt\/?p=4725","title":{"rendered":"O &#8220;milagre&#8221; da expans\u00e3o da corti\u00e7a"},"content":{"rendered":"<p style=\"text-align: justify;\"><img decoding=\"async\" class=\"alignleft\" alt=\"\" src=\"\/\/www.ticmais.pt\/ticmais\/imagens\/Omilagredaexpansodacortia.png\" \/><\/p>\n<p style=\"text-align: justify;\">Os investigadores Helena Pereira e Ant\u00f3nio Velez descobriram um m\u00e9todo para aumentar o volume da corti\u00e7a atrav\u00e9s de micro-ondas. O projecto \u00e9 finalista no Pr\u00e9mio Europeu do Inventor, cujos vencedores ser\u00e3o anunciados pelo Instituto Europeu de Patentes a 28 de Maio, em Amesterd\u00e3o. <a href=\"http:\/\/www.publico.pt\/multimedia\/video\/o-milagre-da-expansao-da-cortica-20130523-135737\" target=\"_blank\">Mais&#8230;<\/a><\/p>\n","protected":false},"excerpt":{"rendered":"<p>Os investigadores Helena Pereira e Ant\u00f3nio Velez descobriram um m\u00e9todo para aumentar o volume da corti\u00e7a atrav\u00e9s de micro-ondas. O projecto \u00e9 finalista no Pr\u00e9mio Europeu do Inventor, cujos vencedores ser\u00e3o anunciados pelo Instituto Europeu de Patentes a 28 de Maio, em Amesterd\u00e3o. Mais&#8230;<\/p>\n","protected":false},"author":1,"featured_media":0,"comment_status":"closed","ping_status":"closed","sticky":false,"template":"","format":"standard","meta":{"footnotes":""},"categories":[15],"tags":[444,255,2490],"class_list":["post-4725","post","type-post","status-publish","format-standard","hentry","category-tic-mais","tag-cortica","tag-investigacao","tag-premio-europeu-do-inventor"],"_links":{"self":[{"href":"https:\/\/www.ticmais.pt\/index.php?rest_route=\/wp\/v2\/posts\/4725","targetHints":{"allow":["GET"]}}],"collection":[{"href":"https:\/\/www.ticmais.pt\/index.php?rest_route=\/wp\/v2\/posts"}],"about":[{"href":"https:\/\/www.ticmais.pt\/index.php?rest_route=\/wp\/v2\/types\/post"}],"author":[{"embeddable":true,"href":"https:\/\/www.ticmais.pt\/index.php?rest_route=\/wp\/v2\/users\/1"}],"replies":[{"embeddable":true,"href":"https:\/\/www.ticmais.pt\/index.php?rest_route=%2Fwp%2Fv2%2Fcomments&post=4725"}],"version-history":[{"count":0,"href":"https:\/\/www.ticmais.pt\/index.php?rest_route=\/wp\/v2\/posts\/4725\/revisions"}],"wp:attachment":[{"href":"https:\/\/www.ticmais.pt\/index.php?rest_route=%2Fwp%2Fv2%2Fmedia&parent=4725"}],"wp:term":[{"taxonomy":"category","embeddable":true,"href":"https:\/\/www.ticmais.pt\/index.php?rest_route=%2Fwp%2Fv2%2Fcategories&post=4725"},{"taxonomy":"post_tag","embeddable":true,"href":"https:\/\/www.ticmais.pt\/index.php?rest_route=%2Fwp%2Fv2%2Ftags&post=4725"}],"curies":[{"name":"wp","href":"https:\/\/api.w.org\/{rel}","templated":true}]}}