{"id":4901,"date":"2014-01-08T01:55:03","date_gmt":"2014-01-08T01:55:03","guid":{"rendered":"http:\/\/www.ticmais.pt\/?p=4901"},"modified":"2014-01-08T01:55:03","modified_gmt":"2014-01-08T01:55:03","slug":"helicoptero-pessoal-eletrico-decola-em-silencio-na-europa","status":"publish","type":"post","link":"https:\/\/www.ticmais.pt\/?p=4901","title":{"rendered":"Helic\u00f3ptero pessoal el\u00e9trico decola em sil\u00eancio na Europa"},"content":{"rendered":"<p><img decoding=\"async\" class=\"alignleft\" alt=\"\" src=\"\/\/www.ticmais.pt\/ticmais\/imagens\/HelicpteropessoaleltricodecolaemsilncionaEuropa.png\" \/><strong>Helic\u00f3ptero el\u00e9trico<\/strong><\/p>\n<p>A ideia de um helic\u00f3ptero particular de baixo custo parece estar decolando firme na Europa. <a href=\"http:\/\/www.inovacaotecnologica.com.br\/noticias\/noticia.php?artigo=helicoptero-pessoal-eletrico&amp;id=010170140107\" target=\"_blank\">Mais&#8230;<\/a><\/p>\n","protected":false},"excerpt":{"rendered":"<p>Helic\u00f3ptero el\u00e9trico A ideia de um helic\u00f3ptero particular de baixo custo parece estar decolando firme na Europa. Mais&#8230;<\/p>\n","protected":false},"author":1,"featured_media":0,"comment_status":"closed","ping_status":"closed","sticky":false,"template":"","format":"standard","meta":{"footnotes":""},"categories":[15],"tags":[2620,559,2621,2622],"class_list":["post-4901","post","type-post","status-publish","format-standard","hentry","category-tic-mais","tag-eletrico","tag-europa","tag-helicoptero","tag-pessoal"],"_links":{"self":[{"href":"https:\/\/www.ticmais.pt\/index.php?rest_route=\/wp\/v2\/posts\/4901","targetHints":{"allow":["GET"]}}],"collection":[{"href":"https:\/\/www.ticmais.pt\/index.php?rest_route=\/wp\/v2\/posts"}],"about":[{"href":"https:\/\/www.ticmais.pt\/index.php?rest_route=\/wp\/v2\/types\/post"}],"author":[{"embeddable":true,"href":"https:\/\/www.ticmais.pt\/index.php?rest_route=\/wp\/v2\/users\/1"}],"replies":[{"embeddable":true,"href":"https:\/\/www.ticmais.pt\/index.php?rest_route=%2Fwp%2Fv2%2Fcomments&post=4901"}],"version-history":[{"count":0,"href":"https:\/\/www.ticmais.pt\/index.php?rest_route=\/wp\/v2\/posts\/4901\/revisions"}],"wp:attachment":[{"href":"https:\/\/www.ticmais.pt\/index.php?rest_route=%2Fwp%2Fv2%2Fmedia&parent=4901"}],"wp:term":[{"taxonomy":"category","embeddable":true,"href":"https:\/\/www.ticmais.pt\/index.php?rest_route=%2Fwp%2Fv2%2Fcategories&post=4901"},{"taxonomy":"post_tag","embeddable":true,"href":"https:\/\/www.ticmais.pt\/index.php?rest_route=%2Fwp%2Fv2%2Ftags&post=4901"}],"curies":[{"name":"wp","href":"https:\/\/api.w.org\/{rel}","templated":true}]}}