{"id":4960,"date":"2014-02-25T05:31:49","date_gmt":"2014-02-25T05:31:49","guid":{"rendered":"http:\/\/www.ticmais.pt\/?p=4960"},"modified":"2014-02-25T05:31:49","modified_gmt":"2014-02-25T05:31:49","slug":"zuckerberg-fala-sobre-o-whatsapp-no-mwc-e-propoe-internet-para-todos","status":"publish","type":"post","link":"https:\/\/www.ticmais.pt\/?p=4960","title":{"rendered":"Zuckerberg fala sobre o WhatsApp no MWC e prop\u00f5e Internet para todos"},"content":{"rendered":"<p style=\"text-align: justify;\"><img decoding=\"async\" class=\"alignleft\" alt=\"\" src=\"\/\/www.ticmais.pt\/ticmais\/imagens\/ZuckerbergfalasobreoWhatsAppnoMWCepropeInternetparatodos.png\" \/>Nada de Facebook, alguma coisa de WhatsApp e muito de Internet para todos. Barata ou at\u00e9 gratuita. A t\u00f3nica da apresenta\u00e7\u00e3o de Mark Zuckerberg , CEO e fundador do Facebook, durante o MWC 2014 nesta segunda-feira (24), foi seu projeto de aumentar a utiliza\u00e7\u00e3o das poderosas ferramentas da grande rede em todo o mundo. <a href=\"http:\/\/www.techtudo.com.br\/noticias\/noticia\/2014\/02\/mwc2014-mark-zuckerberg-propoe-internet-para-todos-em-seu-keynote.html\" target=\"_blank\">Mais&#8230;<\/a><\/p>\n","protected":false},"excerpt":{"rendered":"<p>Nada de Facebook, alguma coisa de WhatsApp e muito de Internet para todos. Barata ou at\u00e9 gratuita. A t\u00f3nica da apresenta\u00e7\u00e3o de Mark Zuckerberg , CEO e fundador do Facebook, durante o MWC 2014 nesta segunda-feira (24), foi seu projeto de aumentar a utiliza\u00e7\u00e3o das poderosas ferramentas da grande rede em todo o mundo. Mais&#8230;<\/p>\n","protected":false},"author":1,"featured_media":0,"comment_status":"closed","ping_status":"closed","sticky":false,"template":"","format":"standard","meta":{"footnotes":""},"categories":[15],"tags":[2375,1917,768,34,2676,812,2672],"class_list":["post-4960","post","type-post","status-publish","format-standard","hentry","category-tic-mais","tag-2375","tag-apresentacao","tag-facebook","tag-internet","tag-mark-zuckerberg","tag-mobile-world-congress","tag-whatsapp"],"_links":{"self":[{"href":"https:\/\/www.ticmais.pt\/index.php?rest_route=\/wp\/v2\/posts\/4960","targetHints":{"allow":["GET"]}}],"collection":[{"href":"https:\/\/www.ticmais.pt\/index.php?rest_route=\/wp\/v2\/posts"}],"about":[{"href":"https:\/\/www.ticmais.pt\/index.php?rest_route=\/wp\/v2\/types\/post"}],"author":[{"embeddable":true,"href":"https:\/\/www.ticmais.pt\/index.php?rest_route=\/wp\/v2\/users\/1"}],"replies":[{"embeddable":true,"href":"https:\/\/www.ticmais.pt\/index.php?rest_route=%2Fwp%2Fv2%2Fcomments&post=4960"}],"version-history":[{"count":0,"href":"https:\/\/www.ticmais.pt\/index.php?rest_route=\/wp\/v2\/posts\/4960\/revisions"}],"wp:attachment":[{"href":"https:\/\/www.ticmais.pt\/index.php?rest_route=%2Fwp%2Fv2%2Fmedia&parent=4960"}],"wp:term":[{"taxonomy":"category","embeddable":true,"href":"https:\/\/www.ticmais.pt\/index.php?rest_route=%2Fwp%2Fv2%2Fcategories&post=4960"},{"taxonomy":"post_tag","embeddable":true,"href":"https:\/\/www.ticmais.pt\/index.php?rest_route=%2Fwp%2Fv2%2Ftags&post=4960"}],"curies":[{"name":"wp","href":"https:\/\/api.w.org\/{rel}","templated":true}]}}