{"id":5010,"date":"2014-05-29T13:29:34","date_gmt":"2014-05-29T13:29:34","guid":{"rendered":"http:\/\/www.ticmais.pt\/?p=5010"},"modified":"2020-03-25T22:39:21","modified_gmt":"2020-03-25T21:39:21","slug":"mais-de-metade-dos-portugueses-nao-tem-capacidade-para-lidar-com-tecnologias-digitais","status":"publish","type":"post","link":"https:\/\/www.ticmais.pt\/?p=5010","title":{"rendered":"Mais de metade dos portugueses n\u00e3o tem capacidade para lidar com tecnologias digitais"},"content":{"rendered":"<p><img decoding=\"async\" class=\"alignleft\" src=\"\/\/www.ticmais.pt\/ticmais\/imagens\/Maisdemetadedosportuguesesnotemcapacidadeparalidarcomtecnologiasdigitais.png\" alt=\"\" \/><\/p>\n<p>Pelo menos 47% dos europeus n\u00e3o tem capacidades para lidar com tecnologias digitais num ambiente de trabalho. Em alguns pa\u00edses da Uni\u00e3o Europeia (UE), como \u00e9 o caso de Portugal, mais de metade da popula\u00e7\u00e3o n\u00e3o tem habilidades satisfat\u00f3rias, mas h\u00e1 outros Estados onde essa m\u00e9dia chega aos 85%. Segundo dados avan\u00e7ados pela Comiss\u00e3o Europeia, a iliteracia digital est\u00e1 a impedir o acesso a \u00e1reas de emprego de crescimento r\u00e1pido, com as tecnologias de informa\u00e7\u00e3o e comunica\u00e7\u00e3o (TIC). <a href=\"http:\/\/www.publico.pt\/tecnologia\/noticia\/mais-de-metade-dos-portugueses-nao-tem-capacidade-para-lidar-com-tecnologias-digitais-1637920\" target=\"_blank\" rel=\"noopener noreferrer\">Mais&#8230;<\/a><\/p>\n","protected":false},"excerpt":{"rendered":"<p>Pelo menos 47% dos europeus n\u00e3o tem capacidades para lidar com tecnologias digitais num ambiente de trabalho. Em alguns pa\u00edses da Uni\u00e3o Europeia (UE), como \u00e9 o caso de Portugal, mais de metade da popula\u00e7\u00e3o n\u00e3o tem habilidades satisfat\u00f3rias, mas h\u00e1 outros Estados onde essa m\u00e9dia chega aos 85%. Segundo dados avan\u00e7ados pela Comiss\u00e3o Europeia, [&hellip;]<\/p>\n","protected":false},"author":1,"featured_media":0,"comment_status":"closed","ping_status":"closed","sticky":false,"template":"","format":"standard","meta":{"footnotes":""},"categories":[15],"tags":[2,2698,2130,132],"class_list":["post-5010","post","type-post","status-publish","format-standard","hentry","category-tic-mais","tag-antonio-pinheiro-da-costa","tag-iliteracia-digital","tag-infoexclusao","tag-portugal"],"_links":{"self":[{"href":"https:\/\/www.ticmais.pt\/index.php?rest_route=\/wp\/v2\/posts\/5010","targetHints":{"allow":["GET"]}}],"collection":[{"href":"https:\/\/www.ticmais.pt\/index.php?rest_route=\/wp\/v2\/posts"}],"about":[{"href":"https:\/\/www.ticmais.pt\/index.php?rest_route=\/wp\/v2\/types\/post"}],"author":[{"embeddable":true,"href":"https:\/\/www.ticmais.pt\/index.php?rest_route=\/wp\/v2\/users\/1"}],"replies":[{"embeddable":true,"href":"https:\/\/www.ticmais.pt\/index.php?rest_route=%2Fwp%2Fv2%2Fcomments&post=5010"}],"version-history":[{"count":0,"href":"https:\/\/www.ticmais.pt\/index.php?rest_route=\/wp\/v2\/posts\/5010\/revisions"}],"wp:attachment":[{"href":"https:\/\/www.ticmais.pt\/index.php?rest_route=%2Fwp%2Fv2%2Fmedia&parent=5010"}],"wp:term":[{"taxonomy":"category","embeddable":true,"href":"https:\/\/www.ticmais.pt\/index.php?rest_route=%2Fwp%2Fv2%2Fcategories&post=5010"},{"taxonomy":"post_tag","embeddable":true,"href":"https:\/\/www.ticmais.pt\/index.php?rest_route=%2Fwp%2Fv2%2Ftags&post=5010"}],"curies":[{"name":"wp","href":"https:\/\/api.w.org\/{rel}","templated":true}]}}