{"id":5099,"date":"2014-12-17T03:26:58","date_gmt":"2014-12-17T03:26:58","guid":{"rendered":"http:\/\/www.ticmais.pt\/?p=5099"},"modified":"2014-12-17T03:26:58","modified_gmt":"2014-12-17T03:26:58","slug":"edificios-do-parque-tecnologico-de-obidos-candidatos-ao-premio-van-der-rohe","status":"publish","type":"post","link":"https:\/\/www.ticmais.pt\/?p=5099","title":{"rendered":"Edif\u00edcios do Parque Tecnol\u00f3gico de \u00d3bidos candidatos ao Pr\u00e9mio van der Rohe"},"content":{"rendered":"<p><img decoding=\"async\" class=\"alignleft\" src=\"\/\/www.ticmais.pt\/ticmais\/imagens\/EdifciosdoParqueTecnolgicodebidoscandidatosaoPrmiovanderRohe.jpg\" alt=\"\" \/><\/p>\n<p style=\"text-align: justify;\">Os edif\u00edcios centrais do Parque Tecnol\u00f3gico de \u00d3bidos est\u00e3o nomeados para o Pr\u00e9mio Mies van der Rohe 2015 \u2013 Pr\u00e9mio da Uni\u00e3o Europeia para a Arquitetura Contempor\u00e2nea. <a href=\"http:\/\/www.regiaodeleiria.pt\/blog\/2014\/11\/25\/edificios-centrais-do-parque-tecnologico-de-obidos-candidatos-ao-premio-mies-van-der-rohe\/\" target=\"_blank\">Mais&#8230;<\/a><\/p>\n<p style=\"text-align: justify;\"><strong>Not\u00edcias relacionadas:<\/strong><br \/>\n<a href=\"http:\/\/comercioenoticias.pt\/2014\/09\/17\/parque-tecnologico-de-obidos-sucesso-na-adesao-de-novas-empresas\/\" target=\"_blank\">Parque Tecnol\u00f3gico de \u00d3bidos: Sucesso na ades\u00e3o de novas empresas<\/a><br \/>\n<a href=\"http:\/\/www.cm-obidos.pt\/CustomPages\/ShowPage.aspx?pageid=b850a4f4-33c0-49ac-b7fc-98c31a1221ed\" target=\"_blank\">\u00d3bidos Terra Digital<\/a><\/p>\n<p>&nbsp;<\/p>\n","protected":false},"excerpt":{"rendered":"<p>Os edif\u00edcios centrais do Parque Tecnol\u00f3gico de \u00d3bidos est\u00e3o nomeados para o Pr\u00e9mio Mies van der Rohe 2015 \u2013 Pr\u00e9mio da Uni\u00e3o Europeia para a Arquitetura Contempor\u00e2nea. Mais&#8230; Not\u00edcias relacionadas: Parque Tecnol\u00f3gico de \u00d3bidos: Sucesso na ades\u00e3o de novas empresas \u00d3bidos Terra Digital &nbsp;<\/p>\n","protected":false},"author":1,"featured_media":0,"comment_status":"closed","ping_status":"closed","sticky":false,"template":"","format":"standard","meta":{"footnotes":""},"categories":[15],"tags":[2755,23,2756],"class_list":["post-5099","post","type-post","status-publish","format-standard","hentry","category-tic-mais","tag-obidos","tag-parques-tecnologicos","tag-premio-van-der-rohe"],"_links":{"self":[{"href":"https:\/\/www.ticmais.pt\/index.php?rest_route=\/wp\/v2\/posts\/5099","targetHints":{"allow":["GET"]}}],"collection":[{"href":"https:\/\/www.ticmais.pt\/index.php?rest_route=\/wp\/v2\/posts"}],"about":[{"href":"https:\/\/www.ticmais.pt\/index.php?rest_route=\/wp\/v2\/types\/post"}],"author":[{"embeddable":true,"href":"https:\/\/www.ticmais.pt\/index.php?rest_route=\/wp\/v2\/users\/1"}],"replies":[{"embeddable":true,"href":"https:\/\/www.ticmais.pt\/index.php?rest_route=%2Fwp%2Fv2%2Fcomments&post=5099"}],"version-history":[{"count":0,"href":"https:\/\/www.ticmais.pt\/index.php?rest_route=\/wp\/v2\/posts\/5099\/revisions"}],"wp:attachment":[{"href":"https:\/\/www.ticmais.pt\/index.php?rest_route=%2Fwp%2Fv2%2Fmedia&parent=5099"}],"wp:term":[{"taxonomy":"category","embeddable":true,"href":"https:\/\/www.ticmais.pt\/index.php?rest_route=%2Fwp%2Fv2%2Fcategories&post=5099"},{"taxonomy":"post_tag","embeddable":true,"href":"https:\/\/www.ticmais.pt\/index.php?rest_route=%2Fwp%2Fv2%2Ftags&post=5099"}],"curies":[{"name":"wp","href":"https:\/\/api.w.org\/{rel}","templated":true}]}}