{"id":5133,"date":"2015-01-19T10:13:28","date_gmt":"2015-01-19T10:13:28","guid":{"rendered":"http:\/\/www.ticmais.pt\/?p=5133"},"modified":"2015-01-19T10:13:28","modified_gmt":"2015-01-19T10:13:28","slug":"esense-mini-pc-stick-d1-mais-um-dispositivo-de-streaming-com-windows-8-1","status":"publish","type":"post","link":"https:\/\/www.ticmais.pt\/?p=5133","title":{"rendered":"Esense Mini-PC Stick D1, mais um dispositivo de streaming com Windows 8.1"},"content":{"rendered":"<p><img decoding=\"async\" class=\" alignleft\" src=\"\/\/www.ticmais.pt\/ticmais\/imagens\/EsenseMini-PCStickD1maisumdispositivodestreamingcomWindows8.1.jpg\" alt=\"\" \/><\/p>\n<p style=\"text-align: justify;\">Tal como o Compute Stick da Intel, anunciado na CES 2015, o Esense Mini-PC Stick D1, tamb\u00e9m apresentado no mesmo evento, \u00e9 um dispositivo de streaming de conte\u00fados com o formato de uma flash drive. <a href=\"http:\/\/www.pcguia.pt\/2015\/01\/esense-mini-pc-stick-d1-mais-um-dispositivo-de-streaming-com-windows-8-1\/\" target=\"_blank\">Mais&#8230;<\/a><\/p>\n<p style=\"text-align: justify;\"><strong>Not\u00edcia relacionada:<\/strong><br \/>\n<a href=\"http:\/\/pplware.sapo.pt\/linux\/compute-stick-o-novo-mini-pc-da-intel-com-windows-8-1\/\" target=\"_blank\">Compute Stick \u2013 O novo mini-PC da Intel com Windows 8.1<\/a><\/p>\n","protected":false},"excerpt":{"rendered":"<p>Tal como o Compute Stick da Intel, anunciado na CES 2015, o Esense Mini-PC Stick D1, tamb\u00e9m apresentado no mesmo evento, \u00e9 um dispositivo de streaming de conte\u00fados com o formato de uma flash drive. Mais&#8230; Not\u00edcia relacionada: Compute Stick \u2013 O novo mini-PC da Intel com Windows 8.1<\/p>\n","protected":false},"author":1,"featured_media":0,"comment_status":"closed","ping_status":"closed","sticky":false,"template":"","format":"standard","meta":{"footnotes":""},"categories":[15],"tags":[2795,2796,79,2758],"class_list":["post-5133","post","type-post","status-publish","format-standard","hentry","category-tic-mais","tag-compute-stick","tag-esense-mini-pc-stick-d1","tag-intel","tag-windows-8-1"],"_links":{"self":[{"href":"https:\/\/www.ticmais.pt\/index.php?rest_route=\/wp\/v2\/posts\/5133","targetHints":{"allow":["GET"]}}],"collection":[{"href":"https:\/\/www.ticmais.pt\/index.php?rest_route=\/wp\/v2\/posts"}],"about":[{"href":"https:\/\/www.ticmais.pt\/index.php?rest_route=\/wp\/v2\/types\/post"}],"author":[{"embeddable":true,"href":"https:\/\/www.ticmais.pt\/index.php?rest_route=\/wp\/v2\/users\/1"}],"replies":[{"embeddable":true,"href":"https:\/\/www.ticmais.pt\/index.php?rest_route=%2Fwp%2Fv2%2Fcomments&post=5133"}],"version-history":[{"count":0,"href":"https:\/\/www.ticmais.pt\/index.php?rest_route=\/wp\/v2\/posts\/5133\/revisions"}],"wp:attachment":[{"href":"https:\/\/www.ticmais.pt\/index.php?rest_route=%2Fwp%2Fv2%2Fmedia&parent=5133"}],"wp:term":[{"taxonomy":"category","embeddable":true,"href":"https:\/\/www.ticmais.pt\/index.php?rest_route=%2Fwp%2Fv2%2Fcategories&post=5133"},{"taxonomy":"post_tag","embeddable":true,"href":"https:\/\/www.ticmais.pt\/index.php?rest_route=%2Fwp%2Fv2%2Ftags&post=5133"}],"curies":[{"name":"wp","href":"https:\/\/api.w.org\/{rel}","templated":true}]}}