{"id":5215,"date":"2015-05-06T00:31:25","date_gmt":"2015-05-06T00:31:25","guid":{"rendered":"http:\/\/www.ticmais.pt\/?p=5215"},"modified":"2015-05-06T00:31:25","modified_gmt":"2015-05-06T00:31:25","slug":"adral-e-philips-assinam-protocolo-para-impulsionar-a-inovacao-tecnologica","status":"publish","type":"post","link":"https:\/\/www.ticmais.pt\/?p=5215","title":{"rendered":"ADRAL e Philips assinam protocolo para impulsionar a inova\u00e7\u00e3o tecnol\u00f3gica"},"content":{"rendered":"<p><img decoding=\"async\" class=\" alignleft\" src=\"\/\/www.ticmais.pt\/ticmais\/imagens\/ADRALePhilipsassinamprotocoloparaimpulsionarainovaotecnolgica.jpg\" alt=\"\" \/><\/p>\n<p style=\"text-align: justify;\">O Director-Geral da ADRAL (Ag\u00eancia de Desenvolvimento Regional do Alentejo) \u2013 Eng. Rui Barroso, e o Diretor de Philips Ilumina\u00e7\u00e3o em Portugal, Rui Pereira, assinaram na passada 5\u00aaFeira, dia 30 de Abril, um protocolo de colabora\u00e7\u00e3o para impulsionar a inova\u00e7\u00e3o tecnol\u00f3gica no \u00e2mbito das Smart Cities na \u00e1rea do Alentejo, fortalecendo a coopera\u00e7\u00e3o estrat\u00e9gica p\u00fablico-privada como base do desenvolvimento tecnol\u00f3gico da regi\u00e3o. <a href=\"http:\/\/www.techenet.com\/2015\/05\/adral-e-philips-assinam-protocolo-para-impulsionar-a-inovacao-tecnologica\/\" target=\"_blank\">Mais&#8230;<\/a><\/p>\n","protected":false},"excerpt":{"rendered":"<p>O Director-Geral da ADRAL (Ag\u00eancia de Desenvolvimento Regional do Alentejo) \u2013 Eng. Rui Barroso, e o Diretor de Philips Ilumina\u00e7\u00e3o em Portugal, Rui Pereira, assinaram na passada 5\u00aaFeira, dia 30 de Abril, um protocolo de colabora\u00e7\u00e3o para impulsionar a inova\u00e7\u00e3o tecnol\u00f3gica no \u00e2mbito das Smart Cities na \u00e1rea do Alentejo, fortalecendo a coopera\u00e7\u00e3o estrat\u00e9gica p\u00fablico-privada [&hellip;]<\/p>\n","protected":false},"author":1,"featured_media":0,"comment_status":"closed","ping_status":"closed","sticky":false,"template":"","format":"standard","meta":{"footnotes":""},"categories":[15],"tags":[2898,22,2899,2343,2900],"class_list":["post-5215","post","type-post","status-publish","format-standard","hentry","category-tic-mais","tag-adral","tag-inovacao","tag-inovacao-tecnologica","tag-philips","tag-protocolo"],"_links":{"self":[{"href":"https:\/\/www.ticmais.pt\/index.php?rest_route=\/wp\/v2\/posts\/5215","targetHints":{"allow":["GET"]}}],"collection":[{"href":"https:\/\/www.ticmais.pt\/index.php?rest_route=\/wp\/v2\/posts"}],"about":[{"href":"https:\/\/www.ticmais.pt\/index.php?rest_route=\/wp\/v2\/types\/post"}],"author":[{"embeddable":true,"href":"https:\/\/www.ticmais.pt\/index.php?rest_route=\/wp\/v2\/users\/1"}],"replies":[{"embeddable":true,"href":"https:\/\/www.ticmais.pt\/index.php?rest_route=%2Fwp%2Fv2%2Fcomments&post=5215"}],"version-history":[{"count":0,"href":"https:\/\/www.ticmais.pt\/index.php?rest_route=\/wp\/v2\/posts\/5215\/revisions"}],"wp:attachment":[{"href":"https:\/\/www.ticmais.pt\/index.php?rest_route=%2Fwp%2Fv2%2Fmedia&parent=5215"}],"wp:term":[{"taxonomy":"category","embeddable":true,"href":"https:\/\/www.ticmais.pt\/index.php?rest_route=%2Fwp%2Fv2%2Fcategories&post=5215"},{"taxonomy":"post_tag","embeddable":true,"href":"https:\/\/www.ticmais.pt\/index.php?rest_route=%2Fwp%2Fv2%2Ftags&post=5215"}],"curies":[{"name":"wp","href":"https:\/\/api.w.org\/{rel}","templated":true}]}}