{"id":5306,"date":"2015-08-27T22:12:49","date_gmt":"2015-08-27T22:12:49","guid":{"rendered":"http:\/\/www.ticmais.pt\/?p=5306"},"modified":"2015-08-27T22:12:49","modified_gmt":"2015-08-27T22:12:49","slug":"apple-confirma-keynote-para-o-dia-9-de-setembro","status":"publish","type":"post","link":"https:\/\/www.ticmais.pt\/?p=5306","title":{"rendered":"Apple confirma Keynote para o dia 9 de Setembro"},"content":{"rendered":"<p><img decoding=\"async\" class=\" alignleft\" src=\"\/\/www.ticmais.pt\/ticmais\/imagens\/AppleconfirmaKeynoteparaodia9deSetembro.jpg\" alt=\"\" \/><\/p>\n<div>A especula\u00e7\u00e3o sobre a data de lan\u00e7amento dos novos iPhones era grande. Falava-se com um elevado grau de certeza no dia 09 de Setembro.<br \/>\nMas a Apple confirmou agora todos os rumores e os convites est\u00e3o j\u00e1 a ser enviados! A pr\u00f3xima Keynote ser\u00e1 j\u00e1 no dia 09 de Setembro! <a href=\"http:\/\/pplware.sapo.pt\/apple\/apple-confirma-evento-no-dia-9-de-setembro\/\" target=\"_blank\">Mais&#8230;<\/a><\/div>\n","protected":false},"excerpt":{"rendered":"<p>A especula\u00e7\u00e3o sobre a data de lan\u00e7amento dos novos iPhones era grande. Falava-se com um elevado grau de certeza no dia 09 de Setembro. Mas a Apple confirmou agora todos os rumores e os convites est\u00e3o j\u00e1 a ser enviados! A pr\u00f3xima Keynote ser\u00e1 j\u00e1 no dia 09 de Setembro! Mais&#8230;<\/p>\n","protected":false},"author":1,"featured_media":0,"comment_status":"closed","ping_status":"closed","sticky":false,"template":"","format":"standard","meta":{"footnotes":""},"categories":[15],"tags":[103,1917,104,1903],"class_list":["post-5306","post","type-post","status-publish","format-standard","hentry","category-tic-mais","tag-apple","tag-apresentacao","tag-iphone","tag-novo"],"_links":{"self":[{"href":"https:\/\/www.ticmais.pt\/index.php?rest_route=\/wp\/v2\/posts\/5306","targetHints":{"allow":["GET"]}}],"collection":[{"href":"https:\/\/www.ticmais.pt\/index.php?rest_route=\/wp\/v2\/posts"}],"about":[{"href":"https:\/\/www.ticmais.pt\/index.php?rest_route=\/wp\/v2\/types\/post"}],"author":[{"embeddable":true,"href":"https:\/\/www.ticmais.pt\/index.php?rest_route=\/wp\/v2\/users\/1"}],"replies":[{"embeddable":true,"href":"https:\/\/www.ticmais.pt\/index.php?rest_route=%2Fwp%2Fv2%2Fcomments&post=5306"}],"version-history":[{"count":0,"href":"https:\/\/www.ticmais.pt\/index.php?rest_route=\/wp\/v2\/posts\/5306\/revisions"}],"wp:attachment":[{"href":"https:\/\/www.ticmais.pt\/index.php?rest_route=%2Fwp%2Fv2%2Fmedia&parent=5306"}],"wp:term":[{"taxonomy":"category","embeddable":true,"href":"https:\/\/www.ticmais.pt\/index.php?rest_route=%2Fwp%2Fv2%2Fcategories&post=5306"},{"taxonomy":"post_tag","embeddable":true,"href":"https:\/\/www.ticmais.pt\/index.php?rest_route=%2Fwp%2Fv2%2Ftags&post=5306"}],"curies":[{"name":"wp","href":"https:\/\/api.w.org\/{rel}","templated":true}]}}