{"id":5402,"date":"2015-12-18T16:10:31","date_gmt":"2015-12-18T16:10:31","guid":{"rendered":"http:\/\/www.ticmais.pt\/?p=5402"},"modified":"2020-03-25T22:38:51","modified_gmt":"2020-03-25T21:38:51","slug":"iki-mobile-escolhe-coruche-para-fabrica-de-telemoveis-com-25-mil-metros-quadrados","status":"publish","type":"post","link":"https:\/\/www.ticmais.pt\/?p=5402","title":{"rendered":"IKI Mobile escolhe Coruche para f\u00e1brica de telem\u00f3veis com 25 mil metros quadrados"},"content":{"rendered":"<p><img decoding=\"async\" class=\"alignleft\" src=\"\/\/www.ticmais.pt\/ticmais\/imagens\/IKIMobileescolheCorucheparafbricadetelemveiscom25milmetrosquadrados1.jpg\" alt=\"\" \/><\/p>\n<div>A empresa portuguesa que chegou ao mercado no in\u00edcio de novembro continua a detalhar os seus planos para ter uma unidade de produ\u00e7\u00e3o em territ\u00f3rio nacional. O objetivo passa por avan\u00e7ar com o projeto com recurso aos fundos europeus. <a href=\"http:\/\/tek.sapo.pt\/noticias\/negocios\/artigo\/iki_mobile_escolhe_coruche_para_fabrica_de_telemoveis_com_25_mil_metros_quadrado-45474zdn.html\" target=\"_blank\" rel=\"noopener noreferrer\">Mais&#8230;<\/a><\/div>\n<div>\u00a0<span style=\"color: #ffffff;\">a<\/span><\/div>\n<div><strong>O TicMAIS j\u00e1 em 2007 alertava para a necessidade de\u00a0dotar o concelho de\u00a0infraestruturas modernas\u00a0e recursos humanos para esta eventualidade:<\/strong><br \/>\n<a href=\"http:\/\/www.ticmais.pt\/?p=381\">Coruche precisa de um \u201cUpgrade Tecnol\u00f3gico\u201d<\/a><br \/>\n<a href=\"http:\/\/www.ticmais.pt\/?p=307\">Parque Industrial, Parque de Neg\u00f3cios ou Parque Tecnol\u00f3gico?<\/a><\/div>\n<div><a href=\"http:\/\/www.ticmais.pt\/?p=900\">Coruche, um gigante adormecido deitado sobre um leito magn\u00edfico!<\/a><\/div>\n<div><\/div>\n","protected":false},"excerpt":{"rendered":"<p>A empresa portuguesa que chegou ao mercado no in\u00edcio de novembro continua a detalhar os seus planos para ter uma unidade de produ\u00e7\u00e3o em territ\u00f3rio nacional. O objetivo passa por avan\u00e7ar com o projeto com recurso aos fundos europeus. Mais&#8230; \u00a0a O TicMAIS j\u00e1 em 2007 alertava para a necessidade de\u00a0dotar o concelho de\u00a0infraestruturas modernas\u00a0e [&hellip;]<\/p>\n","protected":false},"author":1,"featured_media":0,"comment_status":"closed","ping_status":"closed","sticky":false,"template":"","format":"standard","meta":{"footnotes":""},"categories":[15],"tags":[6,3087,3086,87,88],"class_list":["post-5402","post","type-post","status-publish","format-standard","hentry","category-tic-mais","tag-coruche","tag-fabrica","tag-iki-mobile","tag-smartphones","tag-telemoveis"],"_links":{"self":[{"href":"https:\/\/www.ticmais.pt\/index.php?rest_route=\/wp\/v2\/posts\/5402","targetHints":{"allow":["GET"]}}],"collection":[{"href":"https:\/\/www.ticmais.pt\/index.php?rest_route=\/wp\/v2\/posts"}],"about":[{"href":"https:\/\/www.ticmais.pt\/index.php?rest_route=\/wp\/v2\/types\/post"}],"author":[{"embeddable":true,"href":"https:\/\/www.ticmais.pt\/index.php?rest_route=\/wp\/v2\/users\/1"}],"replies":[{"embeddable":true,"href":"https:\/\/www.ticmais.pt\/index.php?rest_route=%2Fwp%2Fv2%2Fcomments&post=5402"}],"version-history":[{"count":0,"href":"https:\/\/www.ticmais.pt\/index.php?rest_route=\/wp\/v2\/posts\/5402\/revisions"}],"wp:attachment":[{"href":"https:\/\/www.ticmais.pt\/index.php?rest_route=%2Fwp%2Fv2%2Fmedia&parent=5402"}],"wp:term":[{"taxonomy":"category","embeddable":true,"href":"https:\/\/www.ticmais.pt\/index.php?rest_route=%2Fwp%2Fv2%2Fcategories&post=5402"},{"taxonomy":"post_tag","embeddable":true,"href":"https:\/\/www.ticmais.pt\/index.php?rest_route=%2Fwp%2Fv2%2Ftags&post=5402"}],"curies":[{"name":"wp","href":"https:\/\/api.w.org\/{rel}","templated":true}]}}