{"id":541,"date":"2008-10-09T20:34:09","date_gmt":"2008-10-09T20:34:09","guid":{"rendered":"http:\/\/www.ticmais.pt\/index.php\/2008\/10\/09\/o-computador-magalhaes-e-o-cabo-das-tormentas\/"},"modified":"2008-10-09T20:34:09","modified_gmt":"2008-10-09T20:34:09","slug":"o-computador-magalhaes-e-o-cabo-das-tormentas","status":"publish","type":"post","link":"https:\/\/www.ticmais.pt\/?p=541","title":{"rendered":"O  computador \u2018Magalh\u00e3es\u2019  e o &#8216;Cabo das Tormentas&#8217;"},"content":{"rendered":"<table style=\"width: 100%;\" border=\"0\" cellspacing=\"5\" cellpadding=\"5\" align=\"justify\">\n<tbody>\n<tr>\n<td valign=\"top\" width=\"160\"><img decoding=\"async\" src=\"\/\/www.ticmais.pt\/ticmais\/imagens\/o-magalhaes-necessita-de-infra-estruturas-e-apoios-locais-para-navegar.jpg\" alt=\"\" \/><\/td>\n<td valign=\"top\">\n<div style=\"text-align: justify;\">Enquanto n\u00e3o se implementarem, em vastas zonas e escolas do concelho de Coruche, um conjunto de medidas\u00a0que permitam dobrar com \u00eaxito o <strong>Cabo das Tormentas da\u00a0insufici\u00eancia de infra-estruturas de acesso \u00e0 Internet<\/strong>, ser\u00e1 dif\u00edcil ao computador \u201cMagalh\u00e3es\u201d, a\u00ed atracar com sucesso. (<a href=\"http:\/\/www.ticmais.pt\/?p=543\" target=\"_self\">Mais\u2026)<\/a><\/div>\n<div>\u00a0<\/div>\n<div><a href=\"http:\/\/www.ticmais.pt\/?p=1234\"><img decoding=\"async\" src=\"\/\/www.ticmais.pt\/ticmais\/imagens\/ticmaislogomini.png\" alt=\"\" \/><\/a><\/div>\n<\/td>\n<\/tr>\n<\/tbody>\n<\/table>\n","protected":false},"excerpt":{"rendered":"<p>Enquanto n\u00e3o se implementarem, em vastas zonas e escolas do concelho de Coruche, um conjunto de medidas\u00a0que permitam dobrar com \u00eaxito o Cabo das Tormentas da\u00a0insufici\u00eancia de infra-estruturas de acesso \u00e0 Internet, ser\u00e1 dif\u00edcil ao computador \u201cMagalh\u00e3es\u201d, a\u00ed atracar com sucesso. (Mais\u2026) \u00a0<\/p>\n","protected":false},"author":1,"featured_media":0,"comment_status":"open","ping_status":"open","sticky":false,"template":"","format":"standard","meta":{"footnotes":""},"categories":[15],"tags":[2,4,5,6,63,8,34,64,11,12,80,18,13,19,16],"class_list":["post-541","post","type-post","status-publish","format-standard","hentry","category-tic-mais","tag-antonio-pinheiro-da-costa","tag-cantanhede","tag-cidadania","tag-coruche","tag-e-escolinha","tag-inclusao-digital","tag-internet","tag-magalhaes","tag-movimento-de-cidadania","tag-municipios","tag-netbooks","tag-plano-tecnologico","tag-poder-local","tag-sociedade-do-conhecinentoda-informacao","tag-ticmais"],"_links":{"self":[{"href":"https:\/\/www.ticmais.pt\/index.php?rest_route=\/wp\/v2\/posts\/541","targetHints":{"allow":["GET"]}}],"collection":[{"href":"https:\/\/www.ticmais.pt\/index.php?rest_route=\/wp\/v2\/posts"}],"about":[{"href":"https:\/\/www.ticmais.pt\/index.php?rest_route=\/wp\/v2\/types\/post"}],"author":[{"embeddable":true,"href":"https:\/\/www.ticmais.pt\/index.php?rest_route=\/wp\/v2\/users\/1"}],"replies":[{"embeddable":true,"href":"https:\/\/www.ticmais.pt\/index.php?rest_route=%2Fwp%2Fv2%2Fcomments&post=541"}],"version-history":[{"count":0,"href":"https:\/\/www.ticmais.pt\/index.php?rest_route=\/wp\/v2\/posts\/541\/revisions"}],"wp:attachment":[{"href":"https:\/\/www.ticmais.pt\/index.php?rest_route=%2Fwp%2Fv2%2Fmedia&parent=541"}],"wp:term":[{"taxonomy":"category","embeddable":true,"href":"https:\/\/www.ticmais.pt\/index.php?rest_route=%2Fwp%2Fv2%2Fcategories&post=541"},{"taxonomy":"post_tag","embeddable":true,"href":"https:\/\/www.ticmais.pt\/index.php?rest_route=%2Fwp%2Fv2%2Ftags&post=541"}],"curies":[{"name":"wp","href":"https:\/\/api.w.org\/{rel}","templated":true}]}}