{"id":5423,"date":"2016-01-09T00:57:46","date_gmt":"2016-01-09T00:57:46","guid":{"rendered":"http:\/\/www.ticmais.pt\/?p=5423"},"modified":"2016-01-09T00:57:46","modified_gmt":"2016-01-09T00:57:46","slug":"balanco-2015perspetivas-2016-tic-e-media-chave-para-a-economia-e-cidadania-digitais","status":"publish","type":"post","link":"https:\/\/www.ticmais.pt\/?p=5423","title":{"rendered":"Balan\u00e7o 2015\/Perspetivas 2016: TIC e Media &#8211; chave para a Economia e Cidadania Digitais"},"content":{"rendered":"<p><img decoding=\"async\" class=\"alignleft\" src=\"\/\/www.ticmais.pt\/ticmais\/imagens\/Balano2015Perspetivas2016TICeMedia-chaveparaaEconomiaeCidadaniaDigitais.jpg\" alt=\"\" \/><\/p>\n<div style=\"text-align: justify;\">A vis\u00e3o da APDC sobre as mudan\u00e7as do sector das TIC e Media em 2015, e as expectativas para 2016, fecha um ciclo de opini\u00f5es das associa\u00e7\u00f5es que foram desafiadas pelo TeK. A necessidade de transforma\u00e7\u00e3o digital e a consolida\u00e7\u00e3o s\u00e3o pontos em destaque. <a href=\"http:\/\/tek.sapo.pt\/opiniao\/artigo\/balanco_2015_perspetivas_2016_tic_e_media_chave_para_a_economia_e_cidadania_digi-45697vhg.html\" target=\"_blank\">Mais&#8230;<\/a><\/div>\n","protected":false},"excerpt":{"rendered":"<p>A vis\u00e3o da APDC sobre as mudan\u00e7as do sector das TIC e Media em 2015, e as expectativas para 2016, fecha um ciclo de opini\u00f5es das associa\u00e7\u00f5es que foram desafiadas pelo TeK. A necessidade de transforma\u00e7\u00e3o digital e a consolida\u00e7\u00e3o s\u00e3o pontos em destaque. Mais&#8230;<\/p>\n","protected":false},"author":1,"featured_media":0,"comment_status":"closed","ping_status":"closed","sticky":false,"template":"","format":"standard","meta":{"footnotes":""},"categories":[15],"tags":[5,308,252,277,9,363],"class_list":["post-5423","post","type-post","status-publish","format-standard","hentry","category-tic-mais","tag-cidadania","tag-digital","tag-economia","tag-media-e-comunicacoes","tag-modernizacao-administrativa","tag-tic"],"_links":{"self":[{"href":"https:\/\/www.ticmais.pt\/index.php?rest_route=\/wp\/v2\/posts\/5423","targetHints":{"allow":["GET"]}}],"collection":[{"href":"https:\/\/www.ticmais.pt\/index.php?rest_route=\/wp\/v2\/posts"}],"about":[{"href":"https:\/\/www.ticmais.pt\/index.php?rest_route=\/wp\/v2\/types\/post"}],"author":[{"embeddable":true,"href":"https:\/\/www.ticmais.pt\/index.php?rest_route=\/wp\/v2\/users\/1"}],"replies":[{"embeddable":true,"href":"https:\/\/www.ticmais.pt\/index.php?rest_route=%2Fwp%2Fv2%2Fcomments&post=5423"}],"version-history":[{"count":0,"href":"https:\/\/www.ticmais.pt\/index.php?rest_route=\/wp\/v2\/posts\/5423\/revisions"}],"wp:attachment":[{"href":"https:\/\/www.ticmais.pt\/index.php?rest_route=%2Fwp%2Fv2%2Fmedia&parent=5423"}],"wp:term":[{"taxonomy":"category","embeddable":true,"href":"https:\/\/www.ticmais.pt\/index.php?rest_route=%2Fwp%2Fv2%2Fcategories&post=5423"},{"taxonomy":"post_tag","embeddable":true,"href":"https:\/\/www.ticmais.pt\/index.php?rest_route=%2Fwp%2Fv2%2Ftags&post=5423"}],"curies":[{"name":"wp","href":"https:\/\/api.w.org\/{rel}","templated":true}]}}