{"id":543,"date":"2008-08-01T22:30:40","date_gmt":"2008-08-01T22:30:40","guid":{"rendered":"http:\/\/www.ticmais.pt\/index.php\/2008\/08\/01\/as-autarquias-o-magalhaes-o-eescolinha-e\/"},"modified":"2021-05-02T21:52:18","modified_gmt":"2021-05-02T20:52:18","slug":"as-autarquias-o-magalhaes-o-eescolinha-e","status":"publish","type":"post","link":"https:\/\/www.ticmais.pt\/?p=543","title":{"rendered":"As autarquias, o &#8216;Magalh\u00e3es&#8217;, o &#8216;e.escolinha&#8217; e&#8230;"},"content":{"rendered":"<table style=\"width: 100%;\" border=\"0\" cellspacing=\"5\" cellpadding=\"5\">\n<tbody>\n<tr>\n<td valign=\"top\" width=\"160\"><img decoding=\"async\" src=\"\/\/www.ticmais.pt\/ticmais\/imagens\/as-autarquias-o-magalhaes-o-eescolinha-e.jpg\" alt=\"\" \/><\/td>\n<td valign=\"top\">\n<p style=\"text-align: justify;\">O novo programa &#8216;<a href=\"index.php?view=article&amp;catid=17%3Aciencia-e-tecnologia&amp;id=1718%3Amagalhaes-e-eescolinhana-rota-do-conhecimento&amp;option=com_content&amp;Itemid=62\">e.escolinha<\/a>&#8216;, embora a chegar \u00e0s escolas <a href=\"http:\/\/www.ticmais.pt\/?p=1501\" target=\"_self\" rel=\"noopener noreferrer\">a conta-gotas<\/a>, vai continuar a\u00a0distribuir, em condi\u00e7\u00f5es preferenciais, este\u00a0ano lectivo, 500 mil port\u00e1teis &#8216;Magalh\u00e3es&#8217; com acesso \u00e0 Internet aos alunos do 1.\u00ba, 2.\u00ba, 3.\u00ba e 4.\u00ba anos do primeiro ciclo, o que quer dizer que o computador ir\u00e1 fazer parte integrante do\u00a0material escolar das escolas do ensino b\u00e1sico.<\/p>\n<p style=\"text-align: justify;\"><a href=\"http:\/\/www.ticmais.pt\/?p=1234\"><img decoding=\"async\" src=\"\/\/www.ticmais.pt\/ticmais\/imagens\/ticmaislogomini.png\" alt=\"\" \/><\/a><\/p>\n<\/td>\n<\/tr>\n<\/tbody>\n<\/table>\n<div><!--more--><\/div>\n<table style=\"width: 100%;\" border=\"0\" cellspacing=\"5\" cellpadding=\"5\" align=\"justify\">\n<tbody>\n<tr>\n<td valign=\"top\"><strong>Est\u00e3o as Autarquias j\u00e1 preparadas para lidar com esta realidade?<\/strong><\/p>\n<div style=\"text-align: justify;\">Se considerarmos a evolu\u00e7\u00e3o do parque inform\u00e1tico p\u00fablico j\u00e1 instalado por todos os concelhos deste pa\u00eds\u00a0(servi\u00e7os municipais, juntas de freguesias,\u00a0 comunidades educativas e sociais, bibliotecas, bombeiros, museus, etc.), o aumento substancial do n\u00famero de equipamentos que se verificar\u00e1 com o programa agora anunciado e as responsabilidades no combate a exclus\u00e3o digital (que tamb\u00e9m s\u00e3o aut\u00e1rquicas), imp\u00f5e-se que sejam criadas (quanto antes),\u00a0 pelos munic\u00edpios,\u00a0 estruturas locais que consigam dar resposta, de forma eficiente e c\u00e9lere, a todo esse\u00a0potencial inform\u00e1tico.<\/div>\n<div><span style=\"color: #ffffff;\">.<\/span><\/div>\n<div style=\"text-align: justify;\">Assim como existem os Piquetes de \u00c1guas, de Electricidade, etc., tamb\u00e9m na \u00e1rea das TIC (Tecnologias da Comunica\u00e7\u00e3o e Informa\u00e7\u00e3o)\u00a0 dever\u00e1 haver um acompanhamento de qualidade, eficiente e c\u00e9lere (ao n\u00edvel do hardware, software e\u00a0redes) com car\u00e1cter pedag\u00f3gico e formativo atrav\u00e9s de Unidades M\u00f3veis e Online (\u00e9 preciso ensinar a pescar), de modo a aproveitar cada vez mais as verdadeiras potencialidades das TICs e impedir paragens frequentes por coisas de nada.<\/div>\n<div style=\"text-align: justify;\"><span style=\"color: #ffffff;\">.<\/span><br \/>\nComo \u00e9 evidente, se o parque inform\u00e1tico est\u00e1 a crescer rapidamente, o n\u00famero de pedidos de ajuda tender\u00e1 tamb\u00e9m a crescer e a ser solicitado de locais diferentes e distantes uns dos outros.<\/div>\n<div><span style=\"color: #ffffff;\">.<\/span><\/div>\n<div style=\"text-align: justify;\"><a href=\"\/\/livredoponto.wordpress.com\/2007\/10\/22\/assim-nao-ha-tic-que-lhes-valha\/\" target=\"_blank\" rel=\"noopener noreferrer\">Mas, para al\u00e9m de colocar computadores nas escolas<\/a> e de cuidar do parque inform\u00e1tico (n\u00e3o s\u00f3 resolvendo os problemas mas ensinando a resolver), \u00e9 preciso capacitar os seus docentes para que eles d\u00eaem as suas aulas com a ajuda dos meios digitais, utilizando o computador como um aliado.<\/div>\n<div><span style=\"color: #ffffff;\">.<\/span><\/div>\n<div style=\"text-align: justify;\">Como \u00e9 evidente, a forma\u00e7\u00e3o em TIC assume aqui um papel de maior import\u00e2ncia tanto para educadores, pais e cidad\u00e3os em geral.<\/div>\n<div><span style=\"color: #ffffff;\">.<\/span><\/div>\n<div style=\"text-align: justify;\">Tamb\u00e9m os prolongamentos de hor\u00e1rio no 1.\u00ba Ciclo e as actividades de enriquecimento curricular que neles t\u00eam lugar, relativamente \u00e0s \u00e1reas das Novas Tecnologias, t\u00eam de merecer outra aten\u00e7\u00e3o.<\/div>\n<div style=\"text-align: justify;\"><span style=\"color: #800000;\"><span style=\"color: #ffffff;\">.<\/span><br \/>\n&#8220;<em><strong>No caso das tecnologias de informa\u00e7\u00e3o e comunica\u00e7\u00e3o, n\u00e3o basta dar o peixe e at\u00e9 dar a cana de pesca, \u00e9 preciso que os potenciais pescadores saibam como e quando usar a cana de pesca<\/strong><\/em>&#8220;.<\/span><\/div>\n<\/td>\n<\/tr>\n<\/tbody>\n<\/table>\n<table style=\"width: 100%;\" border=\"0\" cellspacing=\"5\" cellpadding=\"5\" align=\"justify\">\n<tbody>\n<tr>\n<td valign=\"top\">\n<div>\n<p>&nbsp;<\/p>\n<div><a href=\"http:\/\/www.youtube.com\/watch?v=IJY-NIhdw_4&amp;eurl=http\" target=\"_blank\" rel=\"noopener noreferrer\"><img decoding=\"async\" class=\"aligncenter\" src=\"\/\/www.ticmais.pt\/ticmais\/imagens\/Ver%20videos.jpg\" alt=\"\" \/><\/a><\/div>\n<\/div>\n<\/td>\n<\/tr>\n<tr>\n<td valign=\"top\">\n<div style=\"text-align: justify;\"><strong>NOTAS:<\/strong><\/div>\n<div><span style=\"color: #ffffff;\">.<\/span><\/div>\n<div style=\"text-align: justify;\">Em rela\u00e7\u00e3o aos acessos Internet de Banda-Larga existentes no concelho de Coruche, \u00e9 de salientar que decorrido mais de um ano de n\u00f3s aqui insistentemente tevantarmos o problema, continua a verificar-se bastantes limita\u00e7\u00f5es deste tipo de acesso, em zonas muito significativas do Concelho de Coruche e onde existe, as condi\u00e7\u00f5es e as velocidades ainda s\u00e3o muitos limitadas e caras, o que quer dizer que muitos dos alunos que ir\u00e3o receber computador, ter\u00e3o muitas dificuldades no acesso \u00e0 Internet.<br \/>\nPara que os benef\u00edcios potenciais das TIC possam ser apropriados pelas pessoas no seu dia a dia \u00e9 necess\u00e1rio que estes tenham meios para aceder em condi\u00e7\u00f5es de igualdade a essa informa\u00e7\u00e3o de forma f\u00e1cil, r\u00e1pida e a custo acess\u00edvel.<\/div>\n<div><span style=\"color: #ffffff;\">.<\/span><\/div>\n<div><strong><a href=\"https:\/\/www.ticmais.pt\/ticmais\/pdf\/2008.09.05.as.autarquias.o.magalhaes.o.e.escolinha.e.pdf\">Not\u00edcia publicada no Jornal Mais Regi\u00e3o<\/a><\/strong><\/div>\n<\/td>\n<\/tr>\n<tr>\n<td valign=\"top\">\n<div><strong><img decoding=\"async\" src=\"\/\/www.ticmais.pt\/ticmais\/imagens\/Coruche,Antonio Pinheiro da Costa,TicMAIS,Cantanhede,Cidadania, Movimento.png\" alt=\"\" \/>\u00a0<\/strong><\/div>\n<\/td>\n<\/tr>\n<tr>\n<td valign=\"top\">\n<div>\n<p>&nbsp;<\/p>\n<div><a href=\"https:\/\/www.ticmais.pt\/\"><img decoding=\"async\" src=\"\/\/www.ticmais.pt\/ticmais\/imagens\/Coruche, TicMAIS, Antonio Pinheiro da Costa, Movimento de Cidadania, Cantanhede.png\" alt=\"\" \/><\/a><\/div>\n<\/div>\n<\/td>\n<\/tr>\n<\/tbody>\n<\/table>\n","protected":false},"excerpt":{"rendered":"<p>O novo programa &#8216;e.escolinha&#8216;, embora a chegar \u00e0s escolas a conta-gotas, vai continuar a\u00a0distribuir, em condi\u00e7\u00f5es preferenciais, este\u00a0ano lectivo, 500 mil port\u00e1teis &#8216;Magalh\u00e3es&#8217; com acesso \u00e0 Internet aos alunos do 1.\u00ba, 2.\u00ba, 3.\u00ba e 4.\u00ba anos do primeiro ciclo, o que quer dizer que o computador ir\u00e1 fazer parte integrante do\u00a0material escolar das escolas do [&hellip;]<\/p>\n","protected":false},"author":1,"featured_media":0,"comment_status":"open","ping_status":"open","sticky":false,"template":"","format":"standard","meta":{"footnotes":""},"categories":[15],"tags":[36,4,5,6,63,7,8,33,34,64,10,11,12,13,19,16],"class_list":["post-543","post","type-post","status-publish","format-standard","hentry","category-tic-mais","tag-camaras-municipais","tag-cantanhede","tag-cidadania","tag-coruche","tag-e-escolinha","tag-egov","tag-inclusao-digital","tag-interioridade","tag-internet","tag-magalhaes","tag-movimentos-civicos","tag-movimento-de-cidadania","tag-municipios","tag-poder-local","tag-sociedade-do-conhecinentoda-informacao","tag-ticmais"],"_links":{"self":[{"href":"https:\/\/www.ticmais.pt\/index.php?rest_route=\/wp\/v2\/posts\/543","targetHints":{"allow":["GET"]}}],"collection":[{"href":"https:\/\/www.ticmais.pt\/index.php?rest_route=\/wp\/v2\/posts"}],"about":[{"href":"https:\/\/www.ticmais.pt\/index.php?rest_route=\/wp\/v2\/types\/post"}],"author":[{"embeddable":true,"href":"https:\/\/www.ticmais.pt\/index.php?rest_route=\/wp\/v2\/users\/1"}],"replies":[{"embeddable":true,"href":"https:\/\/www.ticmais.pt\/index.php?rest_route=%2Fwp%2Fv2%2Fcomments&post=543"}],"version-history":[{"count":0,"href":"https:\/\/www.ticmais.pt\/index.php?rest_route=\/wp\/v2\/posts\/543\/revisions"}],"wp:attachment":[{"href":"https:\/\/www.ticmais.pt\/index.php?rest_route=%2Fwp%2Fv2%2Fmedia&parent=543"}],"wp:term":[{"taxonomy":"category","embeddable":true,"href":"https:\/\/www.ticmais.pt\/index.php?rest_route=%2Fwp%2Fv2%2Fcategories&post=543"},{"taxonomy":"post_tag","embeddable":true,"href":"https:\/\/www.ticmais.pt\/index.php?rest_route=%2Fwp%2Fv2%2Ftags&post=543"}],"curies":[{"name":"wp","href":"https:\/\/api.w.org\/{rel}","templated":true}]}}