{"id":544,"date":"2008-12-23T23:23:14","date_gmt":"2008-12-23T23:23:14","guid":{"rendered":"http:\/\/www.ticmais.pt\/index.php\/2008\/12\/23\/os-donos-do-poder-e-da-razao\/"},"modified":"2021-05-02T21:44:52","modified_gmt":"2021-05-02T20:44:52","slug":"os-donos-do-poder-e-da-razao","status":"publish","type":"post","link":"https:\/\/www.ticmais.pt\/?p=544","title":{"rendered":"Os donos do Poder, da Raz\u00e3o e da Informa\u00e7\u00e3o!"},"content":{"rendered":"<table style=\"width: 100%;\" border=\"0\" cellspacing=\"5\" cellpadding=\"5\">\n<tbody>\n<tr>\n<td valign=\"top\" width=\"160\"><img decoding=\"async\" src=\"\/\/www.ticmais.pt\/ticmais\/imagens\/Aos%20Donos%20do%20Poder%20da%20Razao%20e%20da%20Informacao.jpg\" alt=\"\" \/><\/td>\n<td valign=\"top\">\n<p style=\"text-align: justify;\">T\u00eam sido v\u00e1rios os documentos que o \u201cTICMAIS\u201d (de viva voz) leu e entregou em v\u00e1rias reuni\u00f5es da C\u00e2mara Municipal de Coruche (o mais recente tamb\u00e9m entregue em\u00a0suporte digital).<\/p>\n<p style=\"text-align: justify;\"><a href=\"http:\/\/www.ticmais.pt\/?p=1234\"><img decoding=\"async\" src=\"\/\/www.ticmais.pt\/ticmais\/imagens\/ticmaislogomini.png\" alt=\"\" \/><\/a><\/p>\n<p>&nbsp;<\/td>\n<\/tr>\n<\/tbody>\n<\/table>\n<div><!--more--><\/div>\n<table style=\"width: 100%;\" border=\"0\" cellspacing=\"5\" cellpadding=\"5\" align=\"justify\">\n<tbody>\n<tr>\n<td style=\"text-align: justify;\" valign=\"top\">No \u00faltimo documento lido e entregue em reuni\u00e3o de C\u00e2mara, subordinado ao tema\u00a0\u201c<a href=\"https:\/\/www.ticmais.pt\/ticmais\/pdf\/2008.05.08.municipio.de.coruche.brinda.os.seus.trabalhadores.com.1.ponto.pdf\">Munic\u00edpio de Coruche \u201cbrinda\u201d os seus trabalhadores com um ponto em 2006 e um ponto em 2007<\/a>\u201d, o Senhor Presidente questionou mesmo \u201ccom que moral e\u00a0legitimidade o mun\u00edcipe levanta estas quest\u00f5es, de uma forma que considera perfeitamente demag\u00f3gica\u201d.<\/p>\n<div style=\"text-align: justify;\">Depois do Senhor Presidente e alguns Vereadores questionar e refutar os dados apresentados no\u00a0documento\u00a0(cada um com a sua verdade, os seus n\u00fameros e percentagens), o elemento do \u201cTICMAIS\u201d, legitimamente, pediu para esclarecer os dados do documento, ao que o Sr. Presidente respondeu: \u201c<span style=\"color: #800000;\">o Senhor n\u00e3o fala mais<\/span>\u201d. E ser\u00e1 que falou? \u00c9 uma quest\u00e3o de <a href=\"http:\/\/www.cm-coruche.pt\/NR\/rdonlyres\/D2643EFF-FE64-41E5-A842-0C7A56FB2BE5\/0\/Acta_07052008.pdf\" target=\"_blank\" rel=\"noopener noreferrer\">ler a acta (no per\u00edodo de interven\u00e7\u00e3o do p\u00fablico<\/a>) e depois\u00a0procurar saber sobre o que efectivamente l\u00e1 se passou.<\/div>\n<div><span style=\"color: #ffffff;\">.<\/span><\/div>\n<div style=\"text-align: justify;\">Tenhamos raz\u00e3o ou n\u00e3o, o que \u00e9 certo \u00e9 que, quando acedemos atrav\u00e9s do site municipal \u00e0s actas das reuni\u00f5es de C\u00e2mara, continuamos a verificar que n\u00e3o \u00e9 poss\u00edvel consultar os referidos documentos nem ter acesso ao essencial do seu conte\u00fado.<\/div>\n<div><span style=\"color: #ffffff;\">.<\/span><\/div>\n<div style=\"text-align: justify;\">Ao nosso pedido para\u00a0 que os documentos fa\u00e7am parte integrante da acta (uma vez\u00a0que s\u00e3o\u00a0lidos de viva voz na reuni\u00e3o) e\u00a0com um l<em>ink<\/em> de acesso nas consultas <em>online<\/em>, o Sr. Presidente responde &#8220;<em><span style=\"color: #800000;\">n\u00e3o existir qualquer imposi\u00e7\u00e3o segundo a qual a opini\u00e3o dos mun\u00edcipes dever\u00e1 constar das actas\u00a0na p\u00e1gina da internet da C\u00e2mara Municipal. Essa \u00e9 uma decis\u00e3o do Executivo Municipal<\/span>.&#8221;<\/em><\/div>\n<div><span style=\"color: #ffffff;\">.<\/span><\/div>\n<div style=\"text-align: justify;\">Fernando Pessoa escreveu<em>: \u201c<strong>Tenho prazer em ser vencido quando quem me vence \u00e9 a raz\u00e3o, seja quem for \u00a0seu procurador<\/strong><\/em>\u201d.<\/div>\n<div><span style=\"color: #ffffff;\">.<\/span><\/div>\n<div style=\"text-align: justify;\">Num tempo em que j\u00e1 h\u00e1 autarquias (poucas \u00e9 certo) a desenvolver e equacionar a transmiss\u00e3o das suas reuni\u00f5es de C\u00e2mara (via net\/videoconfer\u00eancia), aqui estamos assim e parece que com muito orgulho.<\/div>\n<div><span style=\"color: #ffffff;\">.<\/span><\/div>\n<div style=\"text-align: justify;\">Os que tem mais responsabilidades na media\u00e7\u00e3o do debate p\u00fablico e de cidadania n\u00e3o podem mais ignorar o facto de que nada \u00e9 mais prejudicial &#8211; e enganoso &#8211; do que limitar o debate com base na obedi\u00eancia e na concord\u00e2ncia.<\/div>\n<div><span style=\"color: #ffffff;\">.<\/span><\/div>\n<div style=\"text-align: justify;\">\u201c<strong>O verdadeiro fundador da sociedade civil foi o primeiro que, tendo cercado um terreno, lembrou-se de dizer \u2018isto \u00e9 meu\u2019 e encontrou pessoas suficientemente simples para acredit\u00e1-lo<\/strong>.\u201d Rosseau<\/div>\n<div><span style=\"color: #ffffff;\">.<\/span><\/div>\n<div style=\"text-align: justify;\">N\u00f3s n\u00e3o acreditamos nem aceitamos isso. Pugnamos por melhores garantias individuais e colectivas, e n\u00e3o nos conformamos frente \u00e0s domina\u00e7\u00f5es arrogantes, seja do pr\u00f3prio Estado ou de outras institui\u00e7\u00f5es.<\/div>\n<div><span style=\"color: #ffffff;\">.<\/span><\/div>\n<div style=\"text-align: justify;\">Por muito que isso custe, j\u00e1 n\u00e3o s\u00e3o s\u00f3 alguns que det\u00eam o exclusivo do debate p\u00fablico, cada vez mais \u00e9 a simbiose entre os diferentes modos de intervir, informar e comunicar (incluindo\u00a0 os Movimentos de Cidadania, a Internet, os Blogues e Sites) que contam para interven\u00e7\u00e3o na vida democr\u00e1tica, de uma sociedade mais livre e participada.<\/div>\n<div><span style=\"color: #ffffff;\">.<\/span><\/div>\n<div style=\"text-align: justify;\">A cidadania, o direito \u00e0 opini\u00e3o, dever\u00e1 praticar-se sem necessidade de \u201clicen\u00e7as municipais de legitimidade\u201d, em espa\u00e7os como as reuni\u00f5es de C\u00e2mara, onde a diferen\u00e7a de pontos de vista n\u00e3o deve provocar a \u201cguerra ou a censura\u201d, mas antes contribuir para um DEBATE franco e aberto, que assegure a pluralidade e diversidade de ideias e opini\u00f5es.<\/div>\n<div><span style=\"color: #ffffff;\">.<\/span><\/div>\n<div style=\"text-align: justify;\">Aqueles que pensavam silenciar-nos\u00a0dentro do\u00a0&#8220;seu dom\u00ednio&#8221;, vejam o que conseguiram?!<\/div>\n<div><span style=\"color: #ffffff;\">.<\/span><\/div>\n<div style=\"text-align: justify;\">Em dois anos\u00a0j\u00e1 ultrapass\u00e1mos as 65 mil visitas. Por este andar, as 100 mil est\u00e3o j\u00e1 ali e a concretiza\u00e7\u00e3o dos nossos objectivos, por certo,\u00a0 mais facilmente realiz\u00e1veis.<\/div>\n<div><span style=\"color: #ffffff;\">.<\/span><\/div>\n<div style=\"text-align: justify;\">A corrente est\u00e1 criada e fortalece-se. Quem tenha d\u00favidas fa\u00e7a uma pesquisa por\u00a0 \u201c<a href=\"https:\/\/www.ticmais.pt\/?tag=ticmais\">ticmais<\/a>\u201d.<\/div>\n<div><span style=\"color: #ffffff;\">.<\/span><\/div>\n<div><strong><a href=\"https:\/\/www.ticmais.pt\/ticmais\/pdf\/2008.07.28.os.donos.do.poder.e.da.razao.pdf\">Not\u00edcia Publicada no Jornal Mais Regi\u00e3o<\/a><\/strong><\/div>\n<\/td>\n<\/tr>\n<tr>\n<td valign=\"top\"><a href=\"http:\/\/www.i-gov.org\/index.php?article=1842&amp;visual=2&amp;id=47&amp;subject=131\" target=\"_blank\" rel=\"noopener noreferrer\"><img decoding=\"async\" src=\"\/\/www.ticmais.pt\/ticmais\/imagens\/Coruche,Antonio Pinheiro da Costa,TicMAIS,Cantanhede,Cidadania, Movimento.png\" alt=\"\" \/><\/a><\/td>\n<\/tr>\n<tr>\n<td valign=\"top\">\n<div><a href=\"https:\/\/www.ticmais.pt\/\"><img decoding=\"async\" src=\"\/\/www.ticmais.pt\/ticmais\/imagens\/Coruche, TicMAIS, Antonio Pinheiro da Costa, Movimento de Cidadania, Cantanhede.png\" alt=\"\" \/><\/a><\/div>\n<\/td>\n<\/tr>\n<\/tbody>\n<\/table>\n","protected":false},"excerpt":{"rendered":"<p>T\u00eam sido v\u00e1rios os documentos que o \u201cTICMAIS\u201d (de viva voz) leu e entregou em v\u00e1rias reuni\u00f5es da C\u00e2mara Municipal de Coruche (o mais recente tamb\u00e9m entregue em\u00a0suporte digital). &nbsp;<\/p>\n","protected":false},"author":1,"featured_media":0,"comment_status":"open","ping_status":"open","sticky":false,"template":"","format":"standard","meta":{"footnotes":""},"categories":[15],"tags":[2,3,5,6,191,7,34,10,11,12,192,13,14,19,28,16],"class_list":["post-544","post","type-post","status-publish","format-standard","hentry","category-tic-mais","tag-antonio-pinheiro-da-costa","tag-camara-municipal-de-coruche","tag-cidadania","tag-coruche","tag-democracia","tag-egov","tag-internet","tag-movimentos-civicos","tag-movimento-de-cidadania","tag-municipios","tag-participacao-civica","tag-poder-local","tag-simplex","tag-sociedade-do-conhecinentoda-informacao","tag-tecnologia","tag-ticmais"],"_links":{"self":[{"href":"https:\/\/www.ticmais.pt\/index.php?rest_route=\/wp\/v2\/posts\/544","targetHints":{"allow":["GET"]}}],"collection":[{"href":"https:\/\/www.ticmais.pt\/index.php?rest_route=\/wp\/v2\/posts"}],"about":[{"href":"https:\/\/www.ticmais.pt\/index.php?rest_route=\/wp\/v2\/types\/post"}],"author":[{"embeddable":true,"href":"https:\/\/www.ticmais.pt\/index.php?rest_route=\/wp\/v2\/users\/1"}],"replies":[{"embeddable":true,"href":"https:\/\/www.ticmais.pt\/index.php?rest_route=%2Fwp%2Fv2%2Fcomments&post=544"}],"version-history":[{"count":0,"href":"https:\/\/www.ticmais.pt\/index.php?rest_route=\/wp\/v2\/posts\/544\/revisions"}],"wp:attachment":[{"href":"https:\/\/www.ticmais.pt\/index.php?rest_route=%2Fwp%2Fv2%2Fmedia&parent=544"}],"wp:term":[{"taxonomy":"category","embeddable":true,"href":"https:\/\/www.ticmais.pt\/index.php?rest_route=%2Fwp%2Fv2%2Fcategories&post=544"},{"taxonomy":"post_tag","embeddable":true,"href":"https:\/\/www.ticmais.pt\/index.php?rest_route=%2Fwp%2Fv2%2Ftags&post=544"}],"curies":[{"name":"wp","href":"https:\/\/api.w.org\/{rel}","templated":true}]}}