{"id":5446,"date":"2016-02-10T19:38:52","date_gmt":"2016-02-10T19:38:52","guid":{"rendered":"http:\/\/www.ticmais.pt\/?p=5446"},"modified":"2016-02-10T19:42:47","modified_gmt":"2016-02-10T19:42:47","slug":"projecto-de-rede-electrica-inteligente-no-parque-das-nacoes","status":"publish","type":"post","link":"https:\/\/www.ticmais.pt\/?p=5446","title":{"rendered":"Projecto de rede el\u00e9ctrica inteligente no Parque das Na\u00e7\u00f5es"},"content":{"rendered":"<p style=\"text-align: justify;\"><em><img decoding=\"async\" class=\"alignleft\" src=\"\/\/www.ticmais.pt\/ticmais\/imagens\/ProjectoderedeelctricainteligentenoParquedasNaes.png\" alt=\"\" \/><\/em>Parque das Na\u00e7\u00f5es_capta\u00e7\u00e3o de ecr\u00e3At\u00e9 2017 dever\u00e3o ser instalados na Europa quatro grandes projectos com prop\u00f3sitos demonstrativos de redes el\u00e9ctricas inteligentes, em Portugal, Espanha, Su\u00e9cia e Pol\u00f3nia.\u00a0 A iniciativa para o territ\u00f3rio portugu\u00eas ser\u00e1 desenvolvida na freguesia do Parque das Na\u00e7\u00f5es, avan\u00e7a o INESC Tec. <a href=\"http:\/\/www.computerworld.com.pt\/2016\/02\/10\/projecto-de-rede-electrica-inteligente-no-parque-das-nacoes\/\" target=\"_blank\">Mais&#8230;<\/a><\/p>\n","protected":false},"excerpt":{"rendered":"<p>Parque das Na\u00e7\u00f5es_capta\u00e7\u00e3o de ecr\u00e3At\u00e9 2017 dever\u00e3o ser instalados na Europa quatro grandes projectos com prop\u00f3sitos demonstrativos de redes el\u00e9ctricas inteligentes, em Portugal, Espanha, Su\u00e9cia e Pol\u00f3nia.\u00a0 A iniciativa para o territ\u00f3rio portugu\u00eas ser\u00e1 desenvolvida na freguesia do Parque das Na\u00e7\u00f5es, avan\u00e7a o INESC Tec. Mais&#8230;<\/p>\n","protected":false},"author":1,"featured_media":0,"comment_status":"closed","ping_status":"closed","sticky":false,"template":"","format":"standard","meta":{"footnotes":""},"categories":[15],"tags":[3126,3125,3123,2823,3124,2347,3122,3127],"class_list":["post-5446","post","type-post","status-publish","format-standard","hentry","category-tic-mais","tag-cinesc-tec","tag-freguesia","tag-inteligente","tag-nos","tag-parque-das-nacoes","tag-projecto","tag-rede-electrica","tag-withus"],"_links":{"self":[{"href":"https:\/\/www.ticmais.pt\/index.php?rest_route=\/wp\/v2\/posts\/5446","targetHints":{"allow":["GET"]}}],"collection":[{"href":"https:\/\/www.ticmais.pt\/index.php?rest_route=\/wp\/v2\/posts"}],"about":[{"href":"https:\/\/www.ticmais.pt\/index.php?rest_route=\/wp\/v2\/types\/post"}],"author":[{"embeddable":true,"href":"https:\/\/www.ticmais.pt\/index.php?rest_route=\/wp\/v2\/users\/1"}],"replies":[{"embeddable":true,"href":"https:\/\/www.ticmais.pt\/index.php?rest_route=%2Fwp%2Fv2%2Fcomments&post=5446"}],"version-history":[{"count":0,"href":"https:\/\/www.ticmais.pt\/index.php?rest_route=\/wp\/v2\/posts\/5446\/revisions"}],"wp:attachment":[{"href":"https:\/\/www.ticmais.pt\/index.php?rest_route=%2Fwp%2Fv2%2Fmedia&parent=5446"}],"wp:term":[{"taxonomy":"category","embeddable":true,"href":"https:\/\/www.ticmais.pt\/index.php?rest_route=%2Fwp%2Fv2%2Fcategories&post=5446"},{"taxonomy":"post_tag","embeddable":true,"href":"https:\/\/www.ticmais.pt\/index.php?rest_route=%2Fwp%2Fv2%2Ftags&post=5446"}],"curies":[{"name":"wp","href":"https:\/\/api.w.org\/{rel}","templated":true}]}}