{"id":546,"date":"2008-09-25T22:02:24","date_gmt":"2008-09-25T21:02:24","guid":{"rendered":"http:\/\/www.ticmais.pt\/index.php\/2008\/09\/25\/amde-espalha-internet-em-evora\/"},"modified":"2008-09-25T22:02:24","modified_gmt":"2008-09-25T21:02:24","slug":"amde-espalha-internet-em-evora","status":"publish","type":"post","link":"https:\/\/www.ticmais.pt\/?p=546","title":{"rendered":"AMDE \u00abespalha\u00bb Internet em \u00c9vora"},"content":{"rendered":"<table border=\"0\" cellspacing=\"5\" cellpadding=\"5\" width=\"100%\">\n<tbody>\n<tr>\n<td width=\"160\" valign=\"top\">\n<p align=\"justify\"><img decoding=\"async\" src=\"\/\/www.ticmais.pt\/ticmais\/imagens\/amde-lespalhar-internet-em-evora.jpg\" alt=\"\" \/><\/p>\n<\/td>\n<td valign=\"top\">\n<p align=\"justify\"><span style=\"color: #800000;\"><strong>H\u00c1 DOIS ANOS NA RUA!<\/strong><\/span><\/p>\n<p align=\"justify\">Criado pela <a href=\"http:\/\/www.amde.pt\/\" target=\"_blank\">AMDE<\/a> com o projecto \u00c9vora Distrito Digital e tendo por objectivo o combate \u00e0 info-exclus\u00e3o nas freguesias rurais com menos acessibilidade \u00e0s novas tecnologias, o Posto M\u00f3vel de Acesso \u00e0 Internet comemora agora os seus primeiros dois anos de actividade. <a href=\"http:\/\/www.i-gov.org\/index.php?article=7950&amp;visual=2\" target=\"_blank\">(Mais&#8230;)<\/a><\/p>\n<p align=\"justify\"><strong><span style=\"color: #000000;\">Nota TICMAIS:<\/span><span style=\"color: #800000;\"> E N\u00d3S AQUI A VER A\u00a0BANDA (larga) PASSAR!<\/span><\/strong>\u00a0<\/p>\n<\/td>\n<\/tr>\n<\/tbody>\n<\/table>\n<p><br class=\"spacer_\" \/><\/p>\n","protected":false},"excerpt":{"rendered":"<p>H\u00c1 DOIS ANOS NA RUA! Criado pela AMDE com o projecto \u00c9vora Distrito Digital e tendo por objectivo o combate \u00e0 info-exclus\u00e3o nas freguesias rurais com menos acessibilidade \u00e0s novas tecnologias, o Posto M\u00f3vel de Acesso \u00e0 Internet comemora agora os seus primeiros dois anos de actividade. (Mais&#8230;) Nota TICMAIS: E N\u00d3S AQUI A VER [&hellip;]<\/p>\n","protected":false},"author":1,"featured_media":0,"comment_status":"open","ping_status":"open","sticky":false,"template":"","format":"standard","meta":{"footnotes":""},"categories":[15],"tags":[34,86,85],"class_list":["post-546","post","type-post","status-publish","format-standard","hentry","category-tic-mais","tag-internet","tag-redes","tag-sociedade"],"_links":{"self":[{"href":"https:\/\/www.ticmais.pt\/index.php?rest_route=\/wp\/v2\/posts\/546","targetHints":{"allow":["GET"]}}],"collection":[{"href":"https:\/\/www.ticmais.pt\/index.php?rest_route=\/wp\/v2\/posts"}],"about":[{"href":"https:\/\/www.ticmais.pt\/index.php?rest_route=\/wp\/v2\/types\/post"}],"author":[{"embeddable":true,"href":"https:\/\/www.ticmais.pt\/index.php?rest_route=\/wp\/v2\/users\/1"}],"replies":[{"embeddable":true,"href":"https:\/\/www.ticmais.pt\/index.php?rest_route=%2Fwp%2Fv2%2Fcomments&post=546"}],"version-history":[{"count":0,"href":"https:\/\/www.ticmais.pt\/index.php?rest_route=\/wp\/v2\/posts\/546\/revisions"}],"wp:attachment":[{"href":"https:\/\/www.ticmais.pt\/index.php?rest_route=%2Fwp%2Fv2%2Fmedia&parent=546"}],"wp:term":[{"taxonomy":"category","embeddable":true,"href":"https:\/\/www.ticmais.pt\/index.php?rest_route=%2Fwp%2Fv2%2Fcategories&post=546"},{"taxonomy":"post_tag","embeddable":true,"href":"https:\/\/www.ticmais.pt\/index.php?rest_route=%2Fwp%2Fv2%2Ftags&post=546"}],"curies":[{"name":"wp","href":"https:\/\/api.w.org\/{rel}","templated":true}]}}