{"id":5465,"date":"2016-02-28T03:22:59","date_gmt":"2016-02-28T03:22:59","guid":{"rendered":"http:\/\/www.ticmais.pt\/?p=5465"},"modified":"2016-02-29T03:23:14","modified_gmt":"2016-02-29T03:23:14","slug":"rede-mobi-e-vai-receber-investimento-forte","status":"publish","type":"post","link":"https:\/\/www.ticmais.pt\/?p=5465","title":{"rendered":"Rede Mobi.e vai receber investimento forte"},"content":{"rendered":"<p><img decoding=\"async\" class=\"alignleft\" src=\"\/\/www.ticmais.pt\/ticmais\/imagens\/RedeMobi.evaireceberinvestimentoforte.jpg\" alt=\"\" \/><\/p>\n<div style=\"text-align: justify;\">A rede p\u00fablica de recarregamento de ve\u00edculos el\u00e9tricos \u00e9 uma realidade em Portugal desde 2010. Depois dos primeiros passos dados pelo executivo liderado por Jos\u00e9 S\u00f3crates, a rede Mobi.e est\u00e1 prestes a conhecer a sua segunda vida, depois de anos de estagna\u00e7\u00e3o. O Minist\u00e9rio do Ambiente j\u00e1 programou um investimento de 1,9 milh\u00f5es de euros para instala\u00e7\u00e3o de novos postos, manuten\u00e7\u00e3o da rede e relocaliza\u00e7\u00e3o de postos j\u00e1 existentes. <a href=\"http:\/\/www.tecnologia.com.pt\/2016\/02\/rede-mobi-vai-receber-investimento-forte\/\" target=\"_blank\">Mais&#8230;<\/a><\/div>\n","protected":false},"excerpt":{"rendered":"<p>A rede p\u00fablica de recarregamento de ve\u00edculos el\u00e9tricos \u00e9 uma realidade em Portugal desde 2010. Depois dos primeiros passos dados pelo executivo liderado por Jos\u00e9 S\u00f3crates, a rede Mobi.e est\u00e1 prestes a conhecer a sua segunda vida, depois de anos de estagna\u00e7\u00e3o. O Minist\u00e9rio do Ambiente j\u00e1 programou um investimento de 1,9 milh\u00f5es de euros [&hellip;]<\/p>\n","protected":false},"author":1,"featured_media":0,"comment_status":"closed","ping_status":"closed","sticky":false,"template":"","format":"standard","meta":{"footnotes":""},"categories":[15],"tags":[1756,2670],"class_list":["post-5465","post","type-post","status-publish","format-standard","hentry","category-tic-mais","tag-mobi-e","tag-rede"],"_links":{"self":[{"href":"https:\/\/www.ticmais.pt\/index.php?rest_route=\/wp\/v2\/posts\/5465","targetHints":{"allow":["GET"]}}],"collection":[{"href":"https:\/\/www.ticmais.pt\/index.php?rest_route=\/wp\/v2\/posts"}],"about":[{"href":"https:\/\/www.ticmais.pt\/index.php?rest_route=\/wp\/v2\/types\/post"}],"author":[{"embeddable":true,"href":"https:\/\/www.ticmais.pt\/index.php?rest_route=\/wp\/v2\/users\/1"}],"replies":[{"embeddable":true,"href":"https:\/\/www.ticmais.pt\/index.php?rest_route=%2Fwp%2Fv2%2Fcomments&post=5465"}],"version-history":[{"count":0,"href":"https:\/\/www.ticmais.pt\/index.php?rest_route=\/wp\/v2\/posts\/5465\/revisions"}],"wp:attachment":[{"href":"https:\/\/www.ticmais.pt\/index.php?rest_route=%2Fwp%2Fv2%2Fmedia&parent=5465"}],"wp:term":[{"taxonomy":"category","embeddable":true,"href":"https:\/\/www.ticmais.pt\/index.php?rest_route=%2Fwp%2Fv2%2Fcategories&post=5465"},{"taxonomy":"post_tag","embeddable":true,"href":"https:\/\/www.ticmais.pt\/index.php?rest_route=%2Fwp%2Fv2%2Ftags&post=5465"}],"curies":[{"name":"wp","href":"https:\/\/api.w.org\/{rel}","templated":true}]}}