{"id":547,"date":"2008-09-27T19:56:39","date_gmt":"2008-09-27T18:56:39","guid":{"rendered":"http:\/\/www.ticmais.pt\/index.php\/2008\/09\/27\/ce-quer-internet-para-todos-em-2010\/"},"modified":"2008-09-27T19:56:39","modified_gmt":"2008-09-27T18:56:39","slug":"ce-quer-internet-para-todos-em-2010","status":"publish","type":"post","link":"https:\/\/www.ticmais.pt\/?p=547","title":{"rendered":"CE quer Internet para todos em 2010"},"content":{"rendered":"<table border=\"0\" cellspacing=\"5\" cellpadding=\"5\" width=\"100%\">\n<tbody>\n<tr>\n<td width=\"160\" valign=\"top\">\n<p align=\"justify\"><img decoding=\"async\" src=\"\/\/www.ticmais.pt\/ticmais\/imagens\/ce-quer-internet-para-todos-em-2010.jpg.jpg\" alt=\"\" \/><\/p>\n<\/td>\n<td valign=\"top\">\n<p align=\"justify\">Foi apresentada uma <a href=\"http:\/\/ec.europa.eu\/information_society\/policy\/ecomm\/doc\/library\/communications_reports\/universal_service\/1_pt_act_part1_v1.pdf\" target=\"_blank\">comunica\u00e7\u00e3o<\/a> da <a href=\"http:\/\/ec.europa.eu\/index_pt.htm\" target=\"_blank\">Comiss\u00e3o Europeia<\/a>\u00a0onde prop\u00f5e um conjunto de medidas para tornar o acesso \u00e0 Internet de banda larga universal para todos os cidad\u00e3os dos 27 at\u00e9 2010.<\/p>\n<\/td>\n<\/tr>\n<\/tbody>\n<\/table>\n<p><!--more--><\/p>\n<table border=\"0\" cellspacing=\"5\" cellpadding=\"5\" width=\"100%\" align=\"justify\">\n<tbody>\n<tr>\n<td valign=\"top\">\n<p align=\"justify\">Actualmente, e de acordo com dados oficiais desse \u00f3rg\u00e3o executivo, sete por cento da popula\u00e7\u00e3o europeia n\u00e3o est\u00e1 ligada \u00e0 Rede, com liga\u00e7\u00f5es de alta velocidade, apesar de nos \u00faltimos quatro anos se ter registado um acr\u00e9scimo significativo na ades\u00e3o de servi\u00e7os de Internet.<\/p>\n<p align=\"justify\">Com o objectivo de incrementar ainda mais o acesso \u00e0 banda larga a CE prop\u00f5e tr\u00eas grandes medidas:<\/p>\n<\/td>\n<\/tr>\n<\/tbody>\n<\/table>\n<table border=\"0\" cellspacing=\"5\" cellpadding=\"5\" width=\"100%\" align=\"justify\">\n<tbody>\n<tr>\n<td style=\"width: 5px;\" valign=\"top\">\n<p align=\"justify\"><strong>.<\/strong><\/p>\n<\/td>\n<td valign=\"top\">\n<p align=\"justify\">estimular a competitividade entre os operadores;<\/p>\n<\/td>\n<\/tr>\n<\/tbody>\n<\/table>\n<table border=\"0\" cellspacing=\"5\" cellpadding=\"5\" width=\"100%\" align=\"justify\">\n<tbody>\n<tr>\n<td style=\"width: 5px;\" valign=\"top\">\n<p align=\"justify\"><strong>.<\/strong><\/p>\n<\/td>\n<td valign=\"top\">\n<p align=\"justify\">o lan\u00e7amento de um servi\u00e7o que permitir\u00e1 autorizar de forma mais r\u00e1pida a implementa\u00e7\u00e3o de servi\u00e7os de banda larga m\u00f3vel por sat\u00e9lite;<\/p>\n<\/td>\n<\/tr>\n<\/tbody>\n<\/table>\n<table border=\"0\" cellspacing=\"5\" cellpadding=\"5\" width=\"100%\" align=\"justify\">\n<tbody>\n<tr>\n<td style=\"width: 5px;\" valign=\"top\">\n<p align=\"justify\"><strong>.<\/strong><\/p>\n<\/td>\n<td valign=\"top\">\n<p align=\"justify\">e reformar a gest\u00e3o do espectro de radiofrequ\u00eancias para libertar mais recursos para servi\u00e7os sem fios.<\/p>\n<\/td>\n<\/tr>\n<\/tbody>\n<\/table>\n<table border=\"0\" cellspacing=\"5\" cellpadding=\"5\" width=\"100%\" align=\"justify\">\n<tbody>\n<tr>\n<td valign=\"top\">\n<p align=\"justify\">Fonte: <a href=\"http:\/\/www.i-gov.org\/\" target=\"_blank\">iGOV Central<\/a><\/p>\n<\/td>\n<\/tr>\n<\/tbody>\n<\/table>\n","protected":false},"excerpt":{"rendered":"<p>Foi apresentada uma comunica\u00e7\u00e3o da Comiss\u00e3o Europeia\u00a0onde prop\u00f5e um conjunto de medidas para tornar o acesso \u00e0 Internet de banda larga universal para todos os cidad\u00e3os dos 27 at\u00e9 2010.<\/p>\n","protected":false},"author":1,"featured_media":0,"comment_status":"open","ping_status":"open","sticky":false,"template":"","format":"standard","meta":{"footnotes":""},"categories":[15],"tags":[34,85,35,109],"class_list":["post-547","post","type-post","status-publish","format-standard","hentry","category-tic-mais","tag-internet","tag-sociedade","tag-telecomunicacoes","tag-ue"],"_links":{"self":[{"href":"https:\/\/www.ticmais.pt\/index.php?rest_route=\/wp\/v2\/posts\/547","targetHints":{"allow":["GET"]}}],"collection":[{"href":"https:\/\/www.ticmais.pt\/index.php?rest_route=\/wp\/v2\/posts"}],"about":[{"href":"https:\/\/www.ticmais.pt\/index.php?rest_route=\/wp\/v2\/types\/post"}],"author":[{"embeddable":true,"href":"https:\/\/www.ticmais.pt\/index.php?rest_route=\/wp\/v2\/users\/1"}],"replies":[{"embeddable":true,"href":"https:\/\/www.ticmais.pt\/index.php?rest_route=%2Fwp%2Fv2%2Fcomments&post=547"}],"version-history":[{"count":0,"href":"https:\/\/www.ticmais.pt\/index.php?rest_route=\/wp\/v2\/posts\/547\/revisions"}],"wp:attachment":[{"href":"https:\/\/www.ticmais.pt\/index.php?rest_route=%2Fwp%2Fv2%2Fmedia&parent=547"}],"wp:term":[{"taxonomy":"category","embeddable":true,"href":"https:\/\/www.ticmais.pt\/index.php?rest_route=%2Fwp%2Fv2%2Fcategories&post=547"},{"taxonomy":"post_tag","embeddable":true,"href":"https:\/\/www.ticmais.pt\/index.php?rest_route=%2Fwp%2Fv2%2Ftags&post=547"}],"curies":[{"name":"wp","href":"https:\/\/api.w.org\/{rel}","templated":true}]}}