{"id":5489,"date":"2016-03-29T00:06:27","date_gmt":"2016-03-29T00:06:27","guid":{"rendered":"http:\/\/www.ticmais.pt\/?p=5489"},"modified":"2016-03-29T00:08:24","modified_gmt":"2016-03-29T00:08:24","slug":"portugueses-gastam-em-media-125-gb-por-mes-em-banda-larga-movel","status":"publish","type":"post","link":"https:\/\/www.ticmais.pt\/?p=5489","title":{"rendered":"Portugueses gastam em m\u00e9dia 1,25 GB por m\u00eas em banda larga m\u00f3vel"},"content":{"rendered":"<p><img decoding=\"async\" class=\"alignleft\" src=\"\/\/www.ticmais.pt\/ticmais\/imagens\/Portuguesesgastamemmdia125GBpormsembandalargamvel.jpg\" alt=\"\" \/><\/p>\n<div style=\"text-align: justify;\">A utiliza\u00e7\u00e3o de servi\u00e7os de banda larga m\u00f3vel foi uma realidade para 5,5 milh\u00f5es de portugueses em 2015, mais 8,2% que no ano anterior. Os dados s\u00e3o da Anacom e mostram que, em m\u00e9dia, geramos 1,25 GB de tr\u00e1fego todos os meses quando estamos ligados \u00e0 Internet usando redes m\u00f3veis. <a href=\"http:\/\/tek.sapo.pt\/noticias\/telecomunicacoes\/artigo\/portugueses_gastam_em_media_1_25_gb_por_mes_em_banda_larga_movel-46778xrm.html\" target=\"_blank\">Mais&#8230;<\/a><\/div>\n","protected":false},"excerpt":{"rendered":"<p>A utiliza\u00e7\u00e3o de servi\u00e7os de banda larga m\u00f3vel foi uma realidade para 5,5 milh\u00f5es de portugueses em 2015, mais 8,2% que no ano anterior. Os dados s\u00e3o da Anacom e mostram que, em m\u00e9dia, geramos 1,25 GB de tr\u00e1fego todos os meses quando estamos ligados \u00e0 Internet usando redes m\u00f3veis. Mais&#8230;<\/p>\n","protected":false},"author":1,"featured_media":0,"comment_status":"closed","ping_status":"closed","sticky":false,"template":"","format":"standard","meta":{"footnotes":""},"categories":[15],"tags":[769,3162,707,285],"class_list":["post-5489","post","type-post","status-publish","format-standard","hentry","category-tic-mais","tag-banda-larga","tag-gastos","tag-movel","tag-portugueses"],"_links":{"self":[{"href":"https:\/\/www.ticmais.pt\/index.php?rest_route=\/wp\/v2\/posts\/5489","targetHints":{"allow":["GET"]}}],"collection":[{"href":"https:\/\/www.ticmais.pt\/index.php?rest_route=\/wp\/v2\/posts"}],"about":[{"href":"https:\/\/www.ticmais.pt\/index.php?rest_route=\/wp\/v2\/types\/post"}],"author":[{"embeddable":true,"href":"https:\/\/www.ticmais.pt\/index.php?rest_route=\/wp\/v2\/users\/1"}],"replies":[{"embeddable":true,"href":"https:\/\/www.ticmais.pt\/index.php?rest_route=%2Fwp%2Fv2%2Fcomments&post=5489"}],"version-history":[{"count":0,"href":"https:\/\/www.ticmais.pt\/index.php?rest_route=\/wp\/v2\/posts\/5489\/revisions"}],"wp:attachment":[{"href":"https:\/\/www.ticmais.pt\/index.php?rest_route=%2Fwp%2Fv2%2Fmedia&parent=5489"}],"wp:term":[{"taxonomy":"category","embeddable":true,"href":"https:\/\/www.ticmais.pt\/index.php?rest_route=%2Fwp%2Fv2%2Fcategories&post=5489"},{"taxonomy":"post_tag","embeddable":true,"href":"https:\/\/www.ticmais.pt\/index.php?rest_route=%2Fwp%2Fv2%2Ftags&post=5489"}],"curies":[{"name":"wp","href":"https:\/\/api.w.org\/{rel}","templated":true}]}}