{"id":5497,"date":"2016-04-06T15:23:09","date_gmt":"2016-04-06T15:23:09","guid":{"rendered":"http:\/\/www.ticmais.pt\/?p=5497"},"modified":"2016-04-06T16:31:26","modified_gmt":"2016-04-06T16:31:26","slug":"ministra-critica-pedido-de-fotocopia-do-cartao-de-cidadao","status":"publish","type":"post","link":"https:\/\/www.ticmais.pt\/?p=5497","title":{"rendered":"Ministra critica pedido de fotoc\u00f3pia do cart\u00e3o de cidad\u00e3o"},"content":{"rendered":"<p><img decoding=\"async\" class=\"alignleft\" src=\"\/\/www.ticmais.pt\/ticmais\/imagens\/Ministracriticapedidodefotocpiadocartodecidado.jpg\" alt=\"\" \/><\/p>\n<div style=\"text-align: justify;\">\n<div>A ministra da Presid\u00eancia e da Moderniza\u00e7\u00e3o Administrativa criticou hoje &#8220;a pr\u00e1tica&#8221; de pedido de fotoc\u00f3pia do cart\u00e3o de cidad\u00e3o por diversos servi\u00e7os, que \u00e9 proibido por lei, e salientou que o Simplex \u00e9, &#8220;sobretudo, uma mudan\u00e7a de cultura&#8221;. <a href=\"http:\/\/www.dn.pt\/sociedade\/interior\/ministra-critica-pedido-de-fotocopia-do-cartao-de-cidadao-5113303.html\" target=\"_blank\">Mais&#8230;<\/a><\/div>\n<div><span style=\"color: #ffffff;\">.<\/span><\/div>\n<div><strong>Not\u00edcia relacionada:<\/strong><br \/>\n<a href=\"http:\/\/www.jn.pt\/nacional\/interior\/cartas-de-conducao-vao-ter-validade-alargada-5113177.html\" target=\"_blank\">Cartas de condu\u00e7\u00e3o v\u00e3o ter validade alargada<\/a><\/div>\n<\/div>\n","protected":false},"excerpt":{"rendered":"<p>A ministra da Presid\u00eancia e da Moderniza\u00e7\u00e3o Administrativa criticou hoje &#8220;a pr\u00e1tica&#8221; de pedido de fotoc\u00f3pia do cart\u00e3o de cidad\u00e3o por diversos servi\u00e7os, que \u00e9 proibido por lei, e salientou que o Simplex \u00e9, &#8220;sobretudo, uma mudan\u00e7a de cultura&#8221;. Mais&#8230; . Not\u00edcia relacionada: Cartas de condu\u00e7\u00e3o v\u00e3o ter validade alargada<\/p>\n","protected":false},"author":1,"featured_media":0,"comment_status":"closed","ping_status":"closed","sticky":false,"template":"","format":"standard","meta":{"footnotes":""},"categories":[15],"tags":[14],"class_list":["post-5497","post","type-post","status-publish","format-standard","hentry","category-tic-mais","tag-simplex"],"_links":{"self":[{"href":"https:\/\/www.ticmais.pt\/index.php?rest_route=\/wp\/v2\/posts\/5497","targetHints":{"allow":["GET"]}}],"collection":[{"href":"https:\/\/www.ticmais.pt\/index.php?rest_route=\/wp\/v2\/posts"}],"about":[{"href":"https:\/\/www.ticmais.pt\/index.php?rest_route=\/wp\/v2\/types\/post"}],"author":[{"embeddable":true,"href":"https:\/\/www.ticmais.pt\/index.php?rest_route=\/wp\/v2\/users\/1"}],"replies":[{"embeddable":true,"href":"https:\/\/www.ticmais.pt\/index.php?rest_route=%2Fwp%2Fv2%2Fcomments&post=5497"}],"version-history":[{"count":0,"href":"https:\/\/www.ticmais.pt\/index.php?rest_route=\/wp\/v2\/posts\/5497\/revisions"}],"wp:attachment":[{"href":"https:\/\/www.ticmais.pt\/index.php?rest_route=%2Fwp%2Fv2%2Fmedia&parent=5497"}],"wp:term":[{"taxonomy":"category","embeddable":true,"href":"https:\/\/www.ticmais.pt\/index.php?rest_route=%2Fwp%2Fv2%2Fcategories&post=5497"},{"taxonomy":"post_tag","embeddable":true,"href":"https:\/\/www.ticmais.pt\/index.php?rest_route=%2Fwp%2Fv2%2Ftags&post=5497"}],"curies":[{"name":"wp","href":"https:\/\/api.w.org\/{rel}","templated":true}]}}