{"id":5507,"date":"2016-04-19T16:30:20","date_gmt":"2016-04-19T16:30:20","guid":{"rendered":"http:\/\/www.ticmais.pt\/?p=5507"},"modified":"2016-04-19T16:32:22","modified_gmt":"2016-04-19T16:32:22","slug":"holanda-quer-banir-venda-de-carros-nao-eletricos-a-partir-de-2025","status":"publish","type":"post","link":"https:\/\/www.ticmais.pt\/?p=5507","title":{"rendered":"Holanda quer banir venda de carros n\u00e3o el\u00e9tricos a partir de 2025"},"content":{"rendered":"<p><img decoding=\"async\" class=\"alignleft\" src=\"\/\/www.ticmais.pt\/ticmais\/imagens\/Holandaquerbanirvendadecarrosnoeltricosapartirde2025.jpg\" alt=\"\" \/><\/p>\n<div style=\"text-align: justify;\">A proposta legislativa j\u00e1 garantiu uma primeira aprova\u00e7\u00e3o. Prev\u00ea que os fabricantes sejam proibidos de vender carros que usem combust\u00edveis f\u00f3sseis a partir de 2025.<br \/>\nA circula\u00e7\u00e3o de ve\u00edculos com motores de combust\u00e3o interna vai continuar a ser permitida no pa\u00eds, a proibi\u00e7\u00e3o s\u00f3 se aplicar\u00e1 \u00e0 venda de ve\u00edculos, com o objetivo de reduzir progressivamente essa frota. <a href=\"http:\/\/tek.sapo.pt\/noticias\/negocios\/artigo\/holanda_quer_banir_venda_de_carros_nao_eletricos_a_partir_de_2025-47061pnt.html\" target=\"_blank\">Mais&#8230;<\/a><\/div>\n","protected":false},"excerpt":{"rendered":"<p>A proposta legislativa j\u00e1 garantiu uma primeira aprova\u00e7\u00e3o. Prev\u00ea que os fabricantes sejam proibidos de vender carros que usem combust\u00edveis f\u00f3sseis a partir de 2025. A circula\u00e7\u00e3o de ve\u00edculos com motores de combust\u00e3o interna vai continuar a ser permitida no pa\u00eds, a proibi\u00e7\u00e3o s\u00f3 se aplicar\u00e1 \u00e0 venda de ve\u00edculos, com o objetivo de reduzir [&hellip;]<\/p>\n","protected":false},"author":1,"featured_media":0,"comment_status":"closed","ping_status":"closed","sticky":false,"template":"","format":"standard","meta":{"footnotes":""},"categories":[15],"tags":[59],"class_list":["post-5507","post","type-post","status-publish","format-standard","hentry","category-tic-mais","tag-veiculos-electricos"],"_links":{"self":[{"href":"https:\/\/www.ticmais.pt\/index.php?rest_route=\/wp\/v2\/posts\/5507","targetHints":{"allow":["GET"]}}],"collection":[{"href":"https:\/\/www.ticmais.pt\/index.php?rest_route=\/wp\/v2\/posts"}],"about":[{"href":"https:\/\/www.ticmais.pt\/index.php?rest_route=\/wp\/v2\/types\/post"}],"author":[{"embeddable":true,"href":"https:\/\/www.ticmais.pt\/index.php?rest_route=\/wp\/v2\/users\/1"}],"replies":[{"embeddable":true,"href":"https:\/\/www.ticmais.pt\/index.php?rest_route=%2Fwp%2Fv2%2Fcomments&post=5507"}],"version-history":[{"count":0,"href":"https:\/\/www.ticmais.pt\/index.php?rest_route=\/wp\/v2\/posts\/5507\/revisions"}],"wp:attachment":[{"href":"https:\/\/www.ticmais.pt\/index.php?rest_route=%2Fwp%2Fv2%2Fmedia&parent=5507"}],"wp:term":[{"taxonomy":"category","embeddable":true,"href":"https:\/\/www.ticmais.pt\/index.php?rest_route=%2Fwp%2Fv2%2Fcategories&post=5507"},{"taxonomy":"post_tag","embeddable":true,"href":"https:\/\/www.ticmais.pt\/index.php?rest_route=%2Fwp%2Fv2%2Ftags&post=5507"}],"curies":[{"name":"wp","href":"https:\/\/api.w.org\/{rel}","templated":true}]}}