{"id":5508,"date":"2016-04-21T01:20:38","date_gmt":"2016-04-21T01:20:38","guid":{"rendered":"http:\/\/www.ticmais.pt\/?p=5508"},"modified":"2016-04-21T01:20:38","modified_gmt":"2016-04-21T01:20:38","slug":"novo-simplex-quer-juntar-sector-privado-as-medidas-de-simplificacao-do-estado","status":"publish","type":"post","link":"https:\/\/www.ticmais.pt\/?p=5508","title":{"rendered":"Novo Simplex quer juntar sector privado \u00e0s medidas de simplifica\u00e7\u00e3o do Estado"},"content":{"rendered":"<p><img decoding=\"async\" class=\"alignleft\" src=\"\/\/www.ticmais.pt\/ticmais\/imagens\/NovoSimplexquerjuntarsectorprivadosmedidasdesimplificaodoEstado.jpg\" alt=\"\" \/><\/p>\n<div style=\"text-align: justify;\">O balan\u00e7o da Volta Simplex foi esta quarta-feira apresentado. As medidas que fazem regressar o programa s\u00f3 ser\u00e3o apresentadas a 20 de maio, mas j\u00e1 se sabe que uma das prioridades passa por envolver entidades privadas no esfor\u00e7o de simplifica\u00e7\u00e3o. <a href=\"http:\/\/tek.sapo.pt\/noticias\/negocios\/artigo\/novo_simplex_quer_juntar_sector_privado_as_medidas_de_simplificacao_do_estado-47081det.html\" target=\"_blank\">Mais&#8230;<\/a><\/div>\n","protected":false},"excerpt":{"rendered":"<p>O balan\u00e7o da Volta Simplex foi esta quarta-feira apresentado. As medidas que fazem regressar o programa s\u00f3 ser\u00e3o apresentadas a 20 de maio, mas j\u00e1 se sabe que uma das prioridades passa por envolver entidades privadas no esfor\u00e7o de simplifica\u00e7\u00e3o. Mais&#8230;<\/p>\n","protected":false},"author":1,"featured_media":0,"comment_status":"closed","ping_status":"closed","sticky":false,"template":"","format":"standard","meta":{"footnotes":""},"categories":[15],"tags":[3174],"class_list":["post-5508","post","type-post","status-publish","format-standard","hentry","category-tic-mais","tag-novo-simplex"],"_links":{"self":[{"href":"https:\/\/www.ticmais.pt\/index.php?rest_route=\/wp\/v2\/posts\/5508","targetHints":{"allow":["GET"]}}],"collection":[{"href":"https:\/\/www.ticmais.pt\/index.php?rest_route=\/wp\/v2\/posts"}],"about":[{"href":"https:\/\/www.ticmais.pt\/index.php?rest_route=\/wp\/v2\/types\/post"}],"author":[{"embeddable":true,"href":"https:\/\/www.ticmais.pt\/index.php?rest_route=\/wp\/v2\/users\/1"}],"replies":[{"embeddable":true,"href":"https:\/\/www.ticmais.pt\/index.php?rest_route=%2Fwp%2Fv2%2Fcomments&post=5508"}],"version-history":[{"count":0,"href":"https:\/\/www.ticmais.pt\/index.php?rest_route=\/wp\/v2\/posts\/5508\/revisions"}],"wp:attachment":[{"href":"https:\/\/www.ticmais.pt\/index.php?rest_route=%2Fwp%2Fv2%2Fmedia&parent=5508"}],"wp:term":[{"taxonomy":"category","embeddable":true,"href":"https:\/\/www.ticmais.pt\/index.php?rest_route=%2Fwp%2Fv2%2Fcategories&post=5508"},{"taxonomy":"post_tag","embeddable":true,"href":"https:\/\/www.ticmais.pt\/index.php?rest_route=%2Fwp%2Fv2%2Ftags&post=5508"}],"curies":[{"name":"wp","href":"https:\/\/api.w.org\/{rel}","templated":true}]}}