{"id":5517,"date":"2016-05-12T18:23:45","date_gmt":"2016-05-12T18:23:45","guid":{"rendered":"http:\/\/www.ticmais.pt\/?p=5517"},"modified":"2016-05-12T18:23:45","modified_gmt":"2016-05-12T18:23:45","slug":"governo-vai-criar-conselho-para-as-tecnologias-da-informacao-e-comunicacao","status":"publish","type":"post","link":"https:\/\/www.ticmais.pt\/?p=5517","title":{"rendered":"Governo vai criar Conselho para as Tecnologias da Informa\u00e7\u00e3o e Comunica\u00e7\u00e3o"},"content":{"rendered":"<p><img decoding=\"async\" class=\"alignleft\" src=\"\/\/www.ticmais.pt\/ticmais\/imagens\/GovernovaicriarConselhoparaasTecnologiasdaInformaoeComunicao.jpg\" \/><\/p>\n<div style=\"text-align: justify;\">O Governo aprovou esta quinta-feira em Conselho de Ministros a cria\u00e7\u00e3o do Conselho para as Tecnologias de Informa\u00e7\u00e3o e Comunica\u00e7\u00e3o.<br \/>\nNa nota de imprensa divulgada ap\u00f3s a reuni\u00e3o explica-se que a nova estrutura vai \u201cassegurar o desenvolvimento de uma estrat\u00e9gia global de planeamento e otimiza\u00e7\u00e3o das TIC na Administra\u00e7\u00e3o P\u00fablica\u201d. <a href=\"http:\/\/tek.sapo.pt\/noticias\/telecomunicacoes\/artigo\/governo_vai_criar_conselho_para_as_tecnologias_da_informacao_e_comunicacao-47376rbq.html\">Mais&#8230;<\/a><\/div>\n","protected":false},"excerpt":{"rendered":"<p>O Governo aprovou esta quinta-feira em Conselho de Ministros a cria\u00e7\u00e3o do Conselho para as Tecnologias de Informa\u00e7\u00e3o e Comunica\u00e7\u00e3o. Na nota de imprensa divulgada ap\u00f3s a reuni\u00e3o explica-se que a nova estrutura vai \u201cassegurar o desenvolvimento de uma estrat\u00e9gia global de planeamento e otimiza\u00e7\u00e3o das TIC na Administra\u00e7\u00e3o P\u00fablica\u201d. Mais&#8230;<\/p>\n","protected":false},"author":1,"featured_media":0,"comment_status":"closed","ping_status":"closed","sticky":false,"template":"","format":"standard","meta":{"footnotes":""},"categories":[15],"tags":[3177,9,3174,363],"class_list":["post-5517","post","type-post","status-publish","format-standard","hentry","category-tic-mais","tag-conselho","tag-modernizacao-administrativa","tag-novo-simplex","tag-tic"],"_links":{"self":[{"href":"https:\/\/www.ticmais.pt\/index.php?rest_route=\/wp\/v2\/posts\/5517","targetHints":{"allow":["GET"]}}],"collection":[{"href":"https:\/\/www.ticmais.pt\/index.php?rest_route=\/wp\/v2\/posts"}],"about":[{"href":"https:\/\/www.ticmais.pt\/index.php?rest_route=\/wp\/v2\/types\/post"}],"author":[{"embeddable":true,"href":"https:\/\/www.ticmais.pt\/index.php?rest_route=\/wp\/v2\/users\/1"}],"replies":[{"embeddable":true,"href":"https:\/\/www.ticmais.pt\/index.php?rest_route=%2Fwp%2Fv2%2Fcomments&post=5517"}],"version-history":[{"count":0,"href":"https:\/\/www.ticmais.pt\/index.php?rest_route=\/wp\/v2\/posts\/5517\/revisions"}],"wp:attachment":[{"href":"https:\/\/www.ticmais.pt\/index.php?rest_route=%2Fwp%2Fv2%2Fmedia&parent=5517"}],"wp:term":[{"taxonomy":"category","embeddable":true,"href":"https:\/\/www.ticmais.pt\/index.php?rest_route=%2Fwp%2Fv2%2Fcategories&post=5517"},{"taxonomy":"post_tag","embeddable":true,"href":"https:\/\/www.ticmais.pt\/index.php?rest_route=%2Fwp%2Fv2%2Ftags&post=5517"}],"curies":[{"name":"wp","href":"https:\/\/api.w.org\/{rel}","templated":true}]}}