{"id":5528,"date":"2016-05-19T19:02:10","date_gmt":"2016-05-19T19:02:10","guid":{"rendered":"http:\/\/www.ticmais.pt\/?p=5528"},"modified":"2020-03-25T22:38:32","modified_gmt":"2020-03-25T21:38:32","slug":"governo-promete-tecnologia-no-primeiro-ciclo-e-20-mil-profissionais-ate-2020","status":"publish","type":"post","link":"https:\/\/www.ticmais.pt\/?p=5528","title":{"rendered":"Governo promete tecnologia no primeiro ciclo e 20 mil profissionais at\u00e9 2020"},"content":{"rendered":"<p style=\"text-align: justify;\"><img decoding=\"async\" class=\"alignleft\" src=\"\/\/www.ticmais.pt\/ticmais\/imagens\/Governoprometetecnologianoprimeirocicloe20milprofissionaisat2020.jpg\" \/><\/p>\n<div style=\"text-align: justify;\">O Governo pretende introduzir o ensino das tecnologias no primeiro ciclo de ensino, mas tamb\u00e9m n\u00e3o descura a forma\u00e7\u00e3o de adultos. Segundo Pedro Marques, ministro do Planeamento e Infra-estruturas, o objetivo \u00e9 formar at\u00e9 20 mil profissionais para a \u00e1rea das tecnologias at\u00e9 2020. As duas medidas constam num plano de digitaliza\u00e7\u00e3o da economia que prev\u00ea a aplica\u00e7\u00e3o de 1,9 mil milh\u00f5es de euros durante os pr\u00f3ximos quatro anos. <a href=\"http:\/\/exameinformatica.sapo.pt\/noticias\/mercados\/2016-05-19-Governo-promete-tecnologia-no-primeiro-ciclo-e-20-mil-profissionais-ate-2020\">Mais&#8230;<\/a><\/div>\n","protected":false},"excerpt":{"rendered":"<p>O Governo pretende introduzir o ensino das tecnologias no primeiro ciclo de ensino, mas tamb\u00e9m n\u00e3o descura a forma\u00e7\u00e3o de adultos. Segundo Pedro Marques, ministro do Planeamento e Infra-estruturas, o objetivo \u00e9 formar at\u00e9 20 mil profissionais para a \u00e1rea das tecnologias at\u00e9 2020. As duas medidas constam num plano de digitaliza\u00e7\u00e3o da economia que [&hellip;]<\/p>\n","protected":false},"author":1,"featured_media":0,"comment_status":"closed","ping_status":"closed","sticky":false,"template":"","format":"standard","meta":{"footnotes":""},"categories":[15],"tags":[3092,14],"class_list":["post-5528","post","type-post","status-publish","format-standard","hentry","category-tic-mais","tag-3092","tag-simplex"],"_links":{"self":[{"href":"https:\/\/www.ticmais.pt\/index.php?rest_route=\/wp\/v2\/posts\/5528","targetHints":{"allow":["GET"]}}],"collection":[{"href":"https:\/\/www.ticmais.pt\/index.php?rest_route=\/wp\/v2\/posts"}],"about":[{"href":"https:\/\/www.ticmais.pt\/index.php?rest_route=\/wp\/v2\/types\/post"}],"author":[{"embeddable":true,"href":"https:\/\/www.ticmais.pt\/index.php?rest_route=\/wp\/v2\/users\/1"}],"replies":[{"embeddable":true,"href":"https:\/\/www.ticmais.pt\/index.php?rest_route=%2Fwp%2Fv2%2Fcomments&post=5528"}],"version-history":[{"count":0,"href":"https:\/\/www.ticmais.pt\/index.php?rest_route=\/wp\/v2\/posts\/5528\/revisions"}],"wp:attachment":[{"href":"https:\/\/www.ticmais.pt\/index.php?rest_route=%2Fwp%2Fv2%2Fmedia&parent=5528"}],"wp:term":[{"taxonomy":"category","embeddable":true,"href":"https:\/\/www.ticmais.pt\/index.php?rest_route=%2Fwp%2Fv2%2Fcategories&post=5528"},{"taxonomy":"post_tag","embeddable":true,"href":"https:\/\/www.ticmais.pt\/index.php?rest_route=%2Fwp%2Fv2%2Ftags&post=5528"}],"curies":[{"name":"wp","href":"https:\/\/api.w.org\/{rel}","templated":true}]}}