{"id":5565,"date":"2016-07-12T06:28:39","date_gmt":"2016-07-12T06:28:39","guid":{"rendered":"http:\/\/www.ticmais.pt\/?p=5565"},"modified":"2016-07-12T06:31:32","modified_gmt":"2016-07-12T06:31:32","slug":"imagem-de-crianca-a-consolar-adepto-frances-corre-o-mundo","status":"publish","type":"post","link":"https:\/\/www.ticmais.pt\/?p=5565","title":{"rendered":"Imagem de crian\u00e7a a consolar adepto franc\u00eas corre o Mundo"},"content":{"rendered":"<p><img decoding=\"async\" class=\"alignleft\" src=\"\/\/www.ticmais.pt\/ticmais\/imagens\/ImagemdecrianaaconsolaradeptofrancscorreoMundo.jpg\" \/><\/p>\n<div style=\"text-align: justify;\">H\u00e1 uma imagem do Euro 2016 que fez not\u00edcia em todo o mundo. Ap\u00f3s o jogo de Portugal com a Fran\u00e7a, uma crian\u00e7a vestida com a camisola da sele\u00e7\u00e3o portuguesa reconfortou um adepto franc\u00eas &#8211; desconhecido &#8211; em l\u00e1grimas. A SIC teve oportunidade de falar com a crian\u00e7a e a m\u00e3e. Matisse tem 10 anos, nasceu em Fran\u00e7a e \u00e9 filho de portugueses. A m\u00e3e admitiu que ficou emocionada com o gesto do filho. <a href=\"http:\/\/euro2016.sic.pt\/euro2016\/2016-07-11-Imagem-de-crianca-a-consolar-adepto-frances-corre-o-Mundo\">Mais&#8230;<\/a><\/div>\n","protected":false},"excerpt":{"rendered":"<p>H\u00e1 uma imagem do Euro 2016 que fez not\u00edcia em todo o mundo. Ap\u00f3s o jogo de Portugal com a Fran\u00e7a, uma crian\u00e7a vestida com a camisola da sele\u00e7\u00e3o portuguesa reconfortou um adepto franc\u00eas &#8211; desconhecido &#8211; em l\u00e1grimas. A SIC teve oportunidade de falar com a crian\u00e7a e a m\u00e3e. Matisse tem 10 anos, [&hellip;]<\/p>\n","protected":false},"author":1,"featured_media":0,"comment_status":"closed","ping_status":"closed","sticky":false,"template":"","format":"standard","meta":{"footnotes":""},"categories":[15],"tags":[3092,3203,2468,3202,3201,559,3204,869,132],"class_list":["post-5565","post","type-post","status-publish","format-standard","hentry","category-tic-mais","tag-3092","tag-adepto","tag-campeonato","tag-consolar","tag-crianca","tag-europa","tag-frances","tag-futebol","tag-portugal"],"_links":{"self":[{"href":"https:\/\/www.ticmais.pt\/index.php?rest_route=\/wp\/v2\/posts\/5565","targetHints":{"allow":["GET"]}}],"collection":[{"href":"https:\/\/www.ticmais.pt\/index.php?rest_route=\/wp\/v2\/posts"}],"about":[{"href":"https:\/\/www.ticmais.pt\/index.php?rest_route=\/wp\/v2\/types\/post"}],"author":[{"embeddable":true,"href":"https:\/\/www.ticmais.pt\/index.php?rest_route=\/wp\/v2\/users\/1"}],"replies":[{"embeddable":true,"href":"https:\/\/www.ticmais.pt\/index.php?rest_route=%2Fwp%2Fv2%2Fcomments&post=5565"}],"version-history":[{"count":0,"href":"https:\/\/www.ticmais.pt\/index.php?rest_route=\/wp\/v2\/posts\/5565\/revisions"}],"wp:attachment":[{"href":"https:\/\/www.ticmais.pt\/index.php?rest_route=%2Fwp%2Fv2%2Fmedia&parent=5565"}],"wp:term":[{"taxonomy":"category","embeddable":true,"href":"https:\/\/www.ticmais.pt\/index.php?rest_route=%2Fwp%2Fv2%2Fcategories&post=5565"},{"taxonomy":"post_tag","embeddable":true,"href":"https:\/\/www.ticmais.pt\/index.php?rest_route=%2Fwp%2Fv2%2Ftags&post=5565"}],"curies":[{"name":"wp","href":"https:\/\/api.w.org\/{rel}","templated":true}]}}