{"id":557,"date":"2007-10-13T01:06:39","date_gmt":"2007-10-13T01:06:39","guid":{"rendered":"http:\/\/www.ticmais.pt\/index.php\/2007\/10\/13\/meo-tv-internet-telefone\/"},"modified":"2020-02-24T02:28:46","modified_gmt":"2020-02-24T01:28:46","slug":"meo-tv-internet-telefone","status":"publish","type":"post","link":"https:\/\/www.ticmais.pt\/?p=557","title":{"rendered":"meo  (TV + INTERNET + TELEFONE)"},"content":{"rendered":"<table style=\"width: 100%;\" border=\"0\" cellspacing=\"5\" cellpadding=\"5\">\n<tbody>\n<tr>\n<td valign=\"top\" width=\"160\"><img loading=\"lazy\" decoding=\"async\" src=\"\/\/www.ticmais.pt\/ticmais\/imagens\/meo-tv-internet-telefone.jpg\" alt=\"\" width=\"160\" height=\"159\" border=\"0\" \/><\/td>\n<td valign=\"top\">\n<p style=\"text-align: justify;\">Para tentar fugir ao marasmo que \u00e9 s\u00f3 ter 4 canais de televis\u00e3o (com telenovelas a mais, salvo poucas e honrosas excep\u00e7\u00f5es) e \u00e0s mensalidades insuport\u00e1veis das solu\u00e7\u00f5es individualizadas que temos no concelho (telefone + assinatura, internet ADSL e TV por sat\u00e9lite), pois outras c\u00e1 n\u00e3o temos e depois de ler que a PT vai atacar em for\u00e7a com o &#8220;<strong>meo<\/strong>&#8221; e ser forte concorrente da TV Cabo, fiz a ades\u00e3o ao servi\u00e7o.<\/p>\n<p><a href=\"http:\/\/www.ticmais.pt\/?p=1234\"><img decoding=\"async\" src=\"\/\/www.ticmais.pt\/ticmais\/imagens\/ticmaislogomini.png\" alt=\"\" \/><\/a><\/td>\n<\/tr>\n<\/tbody>\n<\/table>\n<div><!--more--><\/div>\n<table style=\"width: 100%;\" border=\"0\" cellspacing=\"5\" cellpadding=\"5\">\n<tbody>\n<tr>\n<td valign=\"top\">Esta ades\u00e3o, mais n\u00e3o fosse, seria para alertar que n\u00f3s aqui tamb\u00e9m queremos acertar o passo com o futuro (<strong>ou melhor com presente<\/strong>).<\/p>\n<div style=\"text-align: justify;\"><strong>Eis o teor da resposta que chegou por of\u00edcio, a 12.10.2007:<\/strong><\/div>\n<div style=\"text-align: justify;\"><span style=\"color: #800000;\">&#8220;Estimado Cliente,<\/span><\/div>\n<div style=\"text-align: justify;\"><span style=\"color: #800000;\">Agradecemos desde j\u00e1 o interesse que manifestou em aderir ao servi\u00e7o MEO. Ap\u00f3s uma verifica\u00e7\u00e3o detalhada das condi\u00e7\u00f5es t\u00e9cnicas para instalar o servi\u00e7o no telefone 243xxxxxx, conclu\u00edmos que ainda n\u00e3o nos \u00e9 poss\u00edvel a instala\u00e7\u00e3o do mesmo com a qualidade necess\u00e1ria para usufruir de todas as qualidades do servi\u00e7o.<br \/>\nVamos continuar a desenvolver todos os esfor\u00e7os para poder criar as condi\u00e7\u00f5es t\u00e9cnicas necess\u00e1rias para disponibilizar o servi\u00e7o MEO. Logo que nos seja poss\u00edvel instalar o servi\u00e7o voltaremos ao seu contacto.<br \/>\nPara qualquer informa\u00e7\u00e3o adicional, contacte o nosso Servi\u00e7o de Apoio ao Cliente, atrav\u00e9s do n\u00famero 808 20 30 30 (chamada local), dispon\u00edvel todos os dias das 0 \u00e0s 24 horas.<\/span><\/div>\n<div style=\"text-align: justify;\"><span style=\"color: #800000;\">Com os melhores cumprimentos, <\/span><\/div>\n<div><span style=\"color: #800000;\"><span style=\"color: #800000;\">O Director de Apoio a Clientes&#8221;<\/span><\/span><\/div>\n<div><span style=\"color: #800000;\"><strong><span style=\"color: #000000;\"><span style=\"color: #800000;\"><span style=\"color: #800000;\"><strong><span style=\"color: #000000;\">Nota ticMAIS:<\/span><\/strong><\/span><\/span><\/span><\/strong><\/span><\/div>\n<div><span style=\"color: #800000;\"><span style=\"color: #000000;\"><span style=\"color: #800000;\"><span style=\"color: #800000;\"><span style=\"color: #000000;\"><a href=\"http:\/\/www.ticmais.pt\/?p=1453\" target=\"_self\" rel=\"noopener noreferrer\">O IPTV da MEO chegou\u00a0a Coruche em Janeiro de 2009<\/a><\/span><\/span><\/span><\/span><\/span><\/div>\n<\/td>\n<\/tr>\n<tr>\n<td><img decoding=\"async\" src=\"\/\/www.ticmais.pt\/ticmais\/imagens\/Coruche,Antonio Pinheiro da Costa,TicMAIS,Cantanhede,Cidadania, Movimento.png\" alt=\"\" \/><\/td>\n<\/tr>\n<tr>\n<td><a href=\"https:\/\/www.ticmais.pt\/\"><span style=\"color: #800000;\"><img decoding=\"async\" src=\"\/\/www.ticmais.pt\/ticmais\/imagens\/Coruche, TicMAIS, Antonio Pinheiro da Costa, Movimento de Cidadania, Cantanhede.png\" alt=\"\" \/><\/span><\/a><\/td>\n<\/tr>\n<\/tbody>\n<\/table>\n","protected":false},"excerpt":{"rendered":"<p>Para tentar fugir ao marasmo que \u00e9 s\u00f3 ter 4 canais de televis\u00e3o (com telenovelas a mais, salvo poucas e honrosas excep\u00e7\u00f5es) e \u00e0s mensalidades insuport\u00e1veis das solu\u00e7\u00f5es individualizadas que temos no concelho (telefone + assinatura, internet ADSL e TV por sat\u00e9lite), pois outras c\u00e1 n\u00e3o temos e depois de ler que a PT vai [&hellip;]<\/p>\n","protected":false},"author":1,"featured_media":0,"comment_status":"open","ping_status":"open","sticky":false,"template":"","format":"standard","meta":{"footnotes":""},"categories":[15],"tags":[31,32,5,6,8,33,34,10,11,35,16],"class_list":["post-557","post","type-post","status-publish","format-standard","hentry","category-tic-mais","tag-3play","tag-4play","tag-cidadania","tag-coruche","tag-inclusao-digital","tag-interioridade","tag-internet","tag-movimentos-civicos","tag-movimento-de-cidadania","tag-telecomunicacoes","tag-ticmais"],"_links":{"self":[{"href":"https:\/\/www.ticmais.pt\/index.php?rest_route=\/wp\/v2\/posts\/557","targetHints":{"allow":["GET"]}}],"collection":[{"href":"https:\/\/www.ticmais.pt\/index.php?rest_route=\/wp\/v2\/posts"}],"about":[{"href":"https:\/\/www.ticmais.pt\/index.php?rest_route=\/wp\/v2\/types\/post"}],"author":[{"embeddable":true,"href":"https:\/\/www.ticmais.pt\/index.php?rest_route=\/wp\/v2\/users\/1"}],"replies":[{"embeddable":true,"href":"https:\/\/www.ticmais.pt\/index.php?rest_route=%2Fwp%2Fv2%2Fcomments&post=557"}],"version-history":[{"count":0,"href":"https:\/\/www.ticmais.pt\/index.php?rest_route=\/wp\/v2\/posts\/557\/revisions"}],"wp:attachment":[{"href":"https:\/\/www.ticmais.pt\/index.php?rest_route=%2Fwp%2Fv2%2Fmedia&parent=557"}],"wp:term":[{"taxonomy":"category","embeddable":true,"href":"https:\/\/www.ticmais.pt\/index.php?rest_route=%2Fwp%2Fv2%2Fcategories&post=557"},{"taxonomy":"post_tag","embeddable":true,"href":"https:\/\/www.ticmais.pt\/index.php?rest_route=%2Fwp%2Fv2%2Ftags&post=557"}],"curies":[{"name":"wp","href":"https:\/\/api.w.org\/{rel}","templated":true}]}}