{"id":5576,"date":"2016-08-10T16:32:25","date_gmt":"2016-08-10T16:32:25","guid":{"rendered":"http:\/\/www.ticmais.pt\/?p=5576"},"modified":"2016-08-10T16:33:43","modified_gmt":"2016-08-10T16:33:43","slug":"timor-doa-2me-a-portugal-para-ajudar-no-combate-aos-incendios","status":"publish","type":"post","link":"https:\/\/www.ticmais.pt\/?p=5576","title":{"rendered":"Timor doa 2M\u20ac a Portugal para ajudar no combate aos inc\u00eandios"},"content":{"rendered":"<p><img decoding=\"async\" class=\"alignleft\" src=\"\/\/www.ticmais.pt\/ticmais\/imagens\/Timordoa2MaPortugalparaajudarnocombateaosincndios.jpg\" \/><\/p>\n<div style=\"text-align: justify;\">O Conselho de Ministros de Timor-Leste aprovou a doa\u00e7\u00e3o de dois milh\u00f5es de euros a Portugal para apoio no combate aos inc\u00eandios que atingem o pa\u00eds e ajuda \u00e0s v\u00edtimas, informou o governo timorense.<br \/>\nEm comunicado, o governo de Timor-Leste precisa que 1.25 milh\u00f5es de euros se destinam &#8220;a apoiar as autoridades portuguesas no combate aos inc\u00eandios&#8221; e 750 mil euros &#8220;s\u00e3o para socorro direto \u00e0s popula\u00e7\u00f5es afetadas&#8221;. <a href=\"http:\/\/sicnoticias.sapo.pt\/pais\/2016-08-10-Timor-doa-2M-a-Portugal-para-ajudar-no-combate-aos-incendios\">Mais&#8230;<\/a><\/div>\n","protected":false},"excerpt":{"rendered":"<p>O Conselho de Ministros de Timor-Leste aprovou a doa\u00e7\u00e3o de dois milh\u00f5es de euros a Portugal para apoio no combate aos inc\u00eandios que atingem o pa\u00eds e ajuda \u00e0s v\u00edtimas, informou o governo timorense. Em comunicado, o governo de Timor-Leste precisa que 1.25 milh\u00f5es de euros se destinam &#8220;a apoiar as autoridades portuguesas no combate [&hellip;]<\/p>\n","protected":false},"author":1,"featured_media":0,"comment_status":"closed","ping_status":"closed","sticky":false,"template":"","format":"standard","meta":{"footnotes":""},"categories":[15],"tags":[3216,3217,132,3215],"class_list":["post-5576","post","type-post","status-publish","format-standard","hentry","category-tic-mais","tag-doacao","tag-fogos","tag-portugal","tag-timor"],"_links":{"self":[{"href":"https:\/\/www.ticmais.pt\/index.php?rest_route=\/wp\/v2\/posts\/5576","targetHints":{"allow":["GET"]}}],"collection":[{"href":"https:\/\/www.ticmais.pt\/index.php?rest_route=\/wp\/v2\/posts"}],"about":[{"href":"https:\/\/www.ticmais.pt\/index.php?rest_route=\/wp\/v2\/types\/post"}],"author":[{"embeddable":true,"href":"https:\/\/www.ticmais.pt\/index.php?rest_route=\/wp\/v2\/users\/1"}],"replies":[{"embeddable":true,"href":"https:\/\/www.ticmais.pt\/index.php?rest_route=%2Fwp%2Fv2%2Fcomments&post=5576"}],"version-history":[{"count":0,"href":"https:\/\/www.ticmais.pt\/index.php?rest_route=\/wp\/v2\/posts\/5576\/revisions"}],"wp:attachment":[{"href":"https:\/\/www.ticmais.pt\/index.php?rest_route=%2Fwp%2Fv2%2Fmedia&parent=5576"}],"wp:term":[{"taxonomy":"category","embeddable":true,"href":"https:\/\/www.ticmais.pt\/index.php?rest_route=%2Fwp%2Fv2%2Fcategories&post=5576"},{"taxonomy":"post_tag","embeddable":true,"href":"https:\/\/www.ticmais.pt\/index.php?rest_route=%2Fwp%2Fv2%2Ftags&post=5576"}],"curies":[{"name":"wp","href":"https:\/\/api.w.org\/{rel}","templated":true}]}}