{"id":5580,"date":"2016-08-31T22:17:39","date_gmt":"2016-08-31T22:17:39","guid":{"rendered":"http:\/\/www.ticmais.pt\/?p=5580"},"modified":"2016-09-01T01:05:23","modified_gmt":"2016-09-01T01:05:23","slug":"ifa-2016-asus-propoe-ecra-portatil-para-computadores-portateis","status":"publish","type":"post","link":"https:\/\/www.ticmais.pt\/?p=5580","title":{"rendered":"IFA 2016: Asus prop\u00f5e ecr\u00e3 port\u00e1til\u2026 para computadores port\u00e1teis"},"content":{"rendered":"<p><img decoding=\"async\" class=\"alignleft\" src=\"\/\/www.ticmais.pt\/ticmais\/imagens\/IFA2016Asuspropeecrporttilparacomputadoresportteis.jpg\" \/><\/p>\n<div>Chama-se ZenScreen e pretende oferecer espa\u00e7o extra a quem tenha um computador port\u00e1til \u201cpequenino\u201d. A proposta \u00e9 da Asus e foi apresentada na IFA, entre outras novidades. <a href=\"http:\/\/tek.sapo.pt\/noticias\/computadores\/artigo\/ifa_2016_asus_propoe_ecra_portatil_para_computadores_portateis-48710ofy.html\">Mais&#8230;<\/a><\/div>\n","protected":false},"excerpt":{"rendered":"<p>Chama-se ZenScreen e pretende oferecer espa\u00e7o extra a quem tenha um computador port\u00e1til \u201cpequenino\u201d. A proposta \u00e9 da Asus e foi apresentada na IFA, entre outras novidades. Mais&#8230;<\/p>\n","protected":false},"author":1,"featured_media":0,"comment_status":"closed","ping_status":"closed","sticky":false,"template":"","format":"standard","meta":{"footnotes":""},"categories":[15],"tags":[196,3220],"class_list":["post-5580","post","type-post","status-publish","format-standard","hentry","category-tic-mais","tag-asus","tag-ifa-2016"],"_links":{"self":[{"href":"https:\/\/www.ticmais.pt\/index.php?rest_route=\/wp\/v2\/posts\/5580","targetHints":{"allow":["GET"]}}],"collection":[{"href":"https:\/\/www.ticmais.pt\/index.php?rest_route=\/wp\/v2\/posts"}],"about":[{"href":"https:\/\/www.ticmais.pt\/index.php?rest_route=\/wp\/v2\/types\/post"}],"author":[{"embeddable":true,"href":"https:\/\/www.ticmais.pt\/index.php?rest_route=\/wp\/v2\/users\/1"}],"replies":[{"embeddable":true,"href":"https:\/\/www.ticmais.pt\/index.php?rest_route=%2Fwp%2Fv2%2Fcomments&post=5580"}],"version-history":[{"count":0,"href":"https:\/\/www.ticmais.pt\/index.php?rest_route=\/wp\/v2\/posts\/5580\/revisions"}],"wp:attachment":[{"href":"https:\/\/www.ticmais.pt\/index.php?rest_route=%2Fwp%2Fv2%2Fmedia&parent=5580"}],"wp:term":[{"taxonomy":"category","embeddable":true,"href":"https:\/\/www.ticmais.pt\/index.php?rest_route=%2Fwp%2Fv2%2Fcategories&post=5580"},{"taxonomy":"post_tag","embeddable":true,"href":"https:\/\/www.ticmais.pt\/index.php?rest_route=%2Fwp%2Fv2%2Ftags&post=5580"}],"curies":[{"name":"wp","href":"https:\/\/api.w.org\/{rel}","templated":true}]}}