{"id":5594,"date":"2016-09-26T20:56:14","date_gmt":"2016-09-26T20:56:14","guid":{"rendered":"http:\/\/www.ticmais.pt\/?p=5594"},"modified":"2016-09-26T20:57:24","modified_gmt":"2016-09-26T20:57:24","slug":"netescola-chega-para-quem-nao-concluiu-o-secundario","status":"publish","type":"post","link":"https:\/\/www.ticmais.pt\/?p=5594","title":{"rendered":"Netescola chega para quem n\u00e3o concluiu o Secund\u00e1rio"},"content":{"rendered":"<p><img decoding=\"async\" class=\"alignleft\" src=\"\/\/www.ticmais.pt\/ticmais\/imagens\/NetescolachegaparaquemnoconcluiuoSecundrio.jpg\" \/><\/p>\n<p>Quem n\u00e3o acabou o ensino secund\u00e1rio pode este ano letivo recorrer ao Ensino Secund\u00e1rio Recorrente a Dist\u00e2ncia (ESRaD). A medida entra em vigor j\u00e1 na ter\u00e7a-feira. <a href=\"http:\/\/www.tvi24.iol.pt\/sociedade\/ensino\/netescola-chega-para-quem-nao-concluiu-o-secundario\">Mais&#8230;<\/a><\/p>\n","protected":false},"excerpt":{"rendered":"<p>Quem n\u00e3o acabou o ensino secund\u00e1rio pode este ano letivo recorrer ao Ensino Secund\u00e1rio Recorrente a Dist\u00e2ncia (ESRaD). A medida entra em vigor j\u00e1 na ter\u00e7a-feira. Mais&#8230;<\/p>\n","protected":false},"author":1,"featured_media":0,"comment_status":"closed","ping_status":"closed","sticky":false,"template":"","format":"standard","meta":{"footnotes":""},"categories":[15],"tags":[3231,1892,3232],"class_list":["post-5594","post","type-post","status-publish","format-standard","hentry","category-tic-mais","tag-netescola","tag-programa","tag-qualifica"],"_links":{"self":[{"href":"https:\/\/www.ticmais.pt\/index.php?rest_route=\/wp\/v2\/posts\/5594","targetHints":{"allow":["GET"]}}],"collection":[{"href":"https:\/\/www.ticmais.pt\/index.php?rest_route=\/wp\/v2\/posts"}],"about":[{"href":"https:\/\/www.ticmais.pt\/index.php?rest_route=\/wp\/v2\/types\/post"}],"author":[{"embeddable":true,"href":"https:\/\/www.ticmais.pt\/index.php?rest_route=\/wp\/v2\/users\/1"}],"replies":[{"embeddable":true,"href":"https:\/\/www.ticmais.pt\/index.php?rest_route=%2Fwp%2Fv2%2Fcomments&post=5594"}],"version-history":[{"count":0,"href":"https:\/\/www.ticmais.pt\/index.php?rest_route=\/wp\/v2\/posts\/5594\/revisions"}],"wp:attachment":[{"href":"https:\/\/www.ticmais.pt\/index.php?rest_route=%2Fwp%2Fv2%2Fmedia&parent=5594"}],"wp:term":[{"taxonomy":"category","embeddable":true,"href":"https:\/\/www.ticmais.pt\/index.php?rest_route=%2Fwp%2Fv2%2Fcategories&post=5594"},{"taxonomy":"post_tag","embeddable":true,"href":"https:\/\/www.ticmais.pt\/index.php?rest_route=%2Fwp%2Fv2%2Ftags&post=5594"}],"curies":[{"name":"wp","href":"https:\/\/api.w.org\/{rel}","templated":true}]}}