{"id":5616,"date":"2016-11-17T20:53:36","date_gmt":"2016-11-17T20:53:36","guid":{"rendered":"http:\/\/www.ticmais.pt\/?p=5616"},"modified":"2016-11-17T20:55:50","modified_gmt":"2016-11-17T20:55:50","slug":"facebook-e-whatsapp-param-de-partilhar-dados-na-europa","status":"publish","type":"post","link":"https:\/\/www.ticmais.pt\/?p=5616","title":{"rendered":"Facebook e WhatsApp param de partilhar dados na Europa"},"content":{"rendered":"<p style=\"text-align: justify;\"><img decoding=\"async\" class=\"alignleft\" src=\"\/\/www.ticmais.pt\/ticmais\/imagens\/FacebookeWhatsAppparamdepartilhardadosnaEuropa.jpg\" \/>Quando foi anunciada, a decis\u00e3o de partilha de dados entre Facebook e WhatsApp foi recebida com muitas cr\u00edticas. Agora, as duas empresas anunciaram a suspens\u00e3o da partilha no mercado europeu. <a href=\"http:\/\/exameinformatica.sapo.pt\/noticias\/mercados\/2016-11-17-Facebook-e-WhatsApp-param-de-partilhar-dados-na-Europa\">Mais&#8230;<\/a><\/p>\n","protected":false},"excerpt":{"rendered":"<p>Quando foi anunciada, a decis\u00e3o de partilha de dados entre Facebook e WhatsApp foi recebida com muitas cr\u00edticas. Agora, as duas empresas anunciaram a suspens\u00e3o da partilha no mercado europeu. Mais&#8230;<\/p>\n","protected":false},"author":1,"featured_media":0,"comment_status":"closed","ping_status":"closed","sticky":false,"template":"","format":"standard","meta":{"footnotes":""},"categories":[15],"tags":[260,559,768,1582,1597,2672],"class_list":["post-5616","post","type-post","status-publish","format-standard","hentry","category-tic-mais","tag-dados","tag-europa","tag-facebook","tag-fim","tag-partilha","tag-whatsapp"],"_links":{"self":[{"href":"https:\/\/www.ticmais.pt\/index.php?rest_route=\/wp\/v2\/posts\/5616","targetHints":{"allow":["GET"]}}],"collection":[{"href":"https:\/\/www.ticmais.pt\/index.php?rest_route=\/wp\/v2\/posts"}],"about":[{"href":"https:\/\/www.ticmais.pt\/index.php?rest_route=\/wp\/v2\/types\/post"}],"author":[{"embeddable":true,"href":"https:\/\/www.ticmais.pt\/index.php?rest_route=\/wp\/v2\/users\/1"}],"replies":[{"embeddable":true,"href":"https:\/\/www.ticmais.pt\/index.php?rest_route=%2Fwp%2Fv2%2Fcomments&post=5616"}],"version-history":[{"count":0,"href":"https:\/\/www.ticmais.pt\/index.php?rest_route=\/wp\/v2\/posts\/5616\/revisions"}],"wp:attachment":[{"href":"https:\/\/www.ticmais.pt\/index.php?rest_route=%2Fwp%2Fv2%2Fmedia&parent=5616"}],"wp:term":[{"taxonomy":"category","embeddable":true,"href":"https:\/\/www.ticmais.pt\/index.php?rest_route=%2Fwp%2Fv2%2Fcategories&post=5616"},{"taxonomy":"post_tag","embeddable":true,"href":"https:\/\/www.ticmais.pt\/index.php?rest_route=%2Fwp%2Fv2%2Ftags&post=5616"}],"curies":[{"name":"wp","href":"https:\/\/api.w.org\/{rel}","templated":true}]}}