{"id":562,"date":"2007-03-07T11:09:52","date_gmt":"2007-03-07T11:09:52","guid":{"rendered":"http:\/\/www.ticmais.pt\/index.php\/2007\/03\/07\/tv-digital-telefone-e-net-para-quando-em-coruche\/"},"modified":"2020-02-24T02:25:29","modified_gmt":"2020-02-24T01:25:29","slug":"tv-digital-telefone-e-net-para-quando-em-coruche","status":"publish","type":"post","link":"https:\/\/www.ticmais.pt\/?p=562","title":{"rendered":"TV  Digital, TELEFONE e NET- para quando em Coruche?"},"content":{"rendered":"<table style=\"width: 100%;\" border=\"0\" cellspacing=\"5\" cellpadding=\"5\">\n<tbody>\n<tr>\n<td valign=\"top\" width=\"160\"><img decoding=\"async\" src=\"\/\/img125.imageshack.us\/img125\/6443\/3playckz5.jpg\" alt=\"\" border=\"0\" \/><\/td>\n<td valign=\"top\">\n<div style=\"text-align: justify; color: #000000;\">Em cada vez mais zonas do nosso pa\u00eds e n\u00e3o s\u00f3 nos zonas urbanas do litoral (veja-se o exemplo de Mora), j\u00e1 e poss\u00edvel s<span style=\"color: #000000;\">ubscrever servi\u00e7os integrados de telecomunica\u00e7\u00f5es, com televis\u00e3o digital, Internet e telefone. <\/span><span style=\"color: #800000;\"><span style=\"color: #000000;\">O chamado triple play veio para durar e praticamente todos os operadores j\u00e1 oferecem os tr\u00eas servi\u00e7os num s\u00f3 pacote. <\/span><\/span><\/div>\n<div style=\"color: #000000;\"><\/div>\n<div style=\"color: #000000;\"><a href=\"http:\/\/www.ticmais.pt\/?p=1234\"><img decoding=\"async\" src=\"\/\/www.ticmais.pt\/ticmais\/imagens\/ticmaislogomini.png\" alt=\"\" \/><\/a><\/div>\n<\/td>\n<\/tr>\n<\/tbody>\n<\/table>\n<div><!--more--><\/div>\n<table style=\"width: 100%;\" border=\"0\" cellspacing=\"5\" cellpadding=\"5\" align=\"justify\">\n<tbody>\n<tr>\n<td valign=\"top\">\n<div style=\"text-align: justify;\">Relativamente \u00e0 subscri\u00e7\u00e3o individual de cada um destes servi\u00e7os, estes pacotes, de um modo geral, apresentam vantagens significativas ao n\u00edvel do pre\u00e7o.<\/div>\n<div style=\"text-align: justify;\">Se \u00e9 verdade que o Concelho de Coruche faz parte integrante do denominado Arco Metropolitano de Lisboa, por quanto mais tempo vamos n\u00f3s continuar a suportar os custos duma manifesta interioridade e continuar a passar ao lado de determinado tipo de infraestruturas, estando n\u00f3s aqui t\u00e3o perto e ao mesmo tempo t\u00e3o longe!<\/div>\n<div style=\"text-align: justify;\"><strong>Cada vez mais, especiamente a gera\u00e7\u00e3o dos mais novos, n\u00e3o compreende bem esta situa\u00e7\u00e3o.<\/strong><\/div>\n<div style=\"text-align: justify;\"><span style=\"color: #800000;\"><strong>Mas o que \u00e9 isto de fazermos parte do ARCO METROPOLITANO DE LISBOA?<\/strong><\/span><\/div>\n<div style=\"text-align: justify;\">&#8220;O PROGRAMA NACIONAL DE POL\u00cdTICA DE ORDENAMENTO DO TERRIT\u00d3RIO define que os principais motores da competitividade do Pa\u00eds estruturam-se em torno de p\u00f3los urbanos articulados em sistemas polic\u00eantricos e considera:<\/div>\n<\/td>\n<\/tr>\n<\/tbody>\n<\/table>\n<table style=\"width: 100%;\" border=\"0\" cellspacing=\"5\" cellpadding=\"5\" align=\"justify\">\n<tbody>\n<tr>\n<td style=\"width: 10px;\" valign=\"top\">\n<div><strong><span style=\"color: #800000;\">.<\/span><\/strong><\/div>\n<\/td>\n<td valign=\"top\">\n<div style=\"text-align: justify;\"><span style=\"color: #800000;\"><strong>O Arco Metropolitano de Lisboa, centrado na capital e respectiva \u00e1rea metropolitana, com uma estrutura complementar crescentemente polic\u00eantrica, da Nazar\u00e9 a Sines, com quatro sistemas urbanos sub-regionais em consolida\u00e7\u00e3o (Oeste, M\u00e9dio Tejo, Lez\u00edria e Alentejo Litoral) e prolongando a sua influ\u00eancia em direc\u00e7\u00e3o a \u00c9vora;<\/strong><\/span><\/div>\n<\/td>\n<\/tr>\n<\/tbody>\n<\/table>\n<table style=\"width: 100%;\" border=\"0\" cellspacing=\"5\" cellpadding=\"5\" align=\"justify\">\n<tbody>\n<tr>\n<td valign=\"top\">\n<div style=\"text-align: justify;\">A constru\u00e7\u00e3o do novo Aeroporto Internacional de Lisboa, o desenvolvimento da rede ferrovi\u00e1ria de alta velocidade e a cria\u00e7\u00e3o de um corredor multimodal de mercadorias para liga\u00e7\u00e3o do sistema portu\u00e1rio Lisboa\/Set\u00fabal\/Sines a Espanha e ao centro da Europa, s\u00e3o elementos estrat\u00e9gicos na recomposi\u00e7\u00e3o da rede de infra-estruturas de conectividade internacional.<\/div>\n<div style=\"text-align: justify;\">A estrutura das acessibilidades internas define malhas de diferente densidade, facilitando o funcionamento em rede e a abertura ao exterior, articulando os diferentes modos de transporte numa l\u00f3gica de complementaridade, especializa\u00e7\u00e3o e efici\u00eancia. Para al\u00e9m dos principais p\u00f3los e sistemas urbanos que organizam o espa\u00e7o nacional, as novas acessibilidades podem conferir melhorias de centralidade a certas localiza\u00e7\u00f5es-chave (centralidades potenciais) em \u00e1reas fr\u00e1geis do ponto de vista urbano, projectando a sua influ\u00eancia sobre o territ\u00f3rio rural envolvente (Valen\u00e7a; Ponte de Lima\/Ponte da Barca; Moncorvo; Coruche; Alvalade\/Ermidas; Ourique\/Castro Verde)&#8230;&#8221;<\/div>\n<\/td>\n<\/tr>\n<tr>\n<td>\n<div style=\"text-align: center;\"><img loading=\"lazy\" decoding=\"async\" class=\"aligncenter\" src=\"\/\/img444.imageshack.us\/img444\/4228\/semttulo320x200se4.png\" alt=\"\" width=\"485\" height=\"639\" border=\"0\" \/><\/div>\n<\/td>\n<\/tr>\n<\/tbody>\n<\/table>\n<table style=\"width: 100%;\" border=\"0\" cellspacing=\"5\" cellpadding=\"5\" align=\"justify\">\n<tbody>\n<tr>\n<td><img decoding=\"async\" src=\"\/\/www.ticmais.pt\/ticmais\/imagens\/Coruche,Antonio Pinheiro da Costa,TicMAIS,Cantanhede,Cidadania, Movimento.png\" alt=\"\" \/><\/td>\n<\/tr>\n<tr>\n<td>\n<div><a href=\"https:\/\/www.ticmais.pt\/\"><span style=\"color: #800000;\"><img decoding=\"async\" src=\"\/\/www.ticmais.pt\/ticmais\/imagens\/Coruche, TicMAIS, Antonio Pinheiro da Costa, Movimento de Cidadania, Cantanhede.png\" alt=\"\" \/><\/span><\/a><\/div>\n<\/td>\n<\/tr>\n<\/tbody>\n<\/table>\n","protected":false},"excerpt":{"rendered":"<p>Em cada vez mais zonas do nosso pa\u00eds e n\u00e3o s\u00f3 nos zonas urbanas do litoral (veja-se o exemplo de Mora), j\u00e1 e poss\u00edvel subscrever servi\u00e7os integrados de telecomunica\u00e7\u00f5es, com televis\u00e3o digital, Internet e telefone. O chamado triple play veio para durar e praticamente todos os operadores j\u00e1 oferecem os tr\u00eas servi\u00e7os num s\u00f3 pacote.<\/p>\n","protected":false},"author":1,"featured_media":0,"comment_status":"open","ping_status":"open","sticky":false,"template":"","format":"standard","meta":{"footnotes":""},"categories":[15],"tags":[31,32,2,36,5,6,8,33,34,10,11,12,13,35,16],"class_list":["post-562","post","type-post","status-publish","format-standard","hentry","category-tic-mais","tag-3play","tag-4play","tag-antonio-pinheiro-da-costa","tag-camaras-municipais","tag-cidadania","tag-coruche","tag-inclusao-digital","tag-interioridade","tag-internet","tag-movimentos-civicos","tag-movimento-de-cidadania","tag-municipios","tag-poder-local","tag-telecomunicacoes","tag-ticmais"],"_links":{"self":[{"href":"https:\/\/www.ticmais.pt\/index.php?rest_route=\/wp\/v2\/posts\/562","targetHints":{"allow":["GET"]}}],"collection":[{"href":"https:\/\/www.ticmais.pt\/index.php?rest_route=\/wp\/v2\/posts"}],"about":[{"href":"https:\/\/www.ticmais.pt\/index.php?rest_route=\/wp\/v2\/types\/post"}],"author":[{"embeddable":true,"href":"https:\/\/www.ticmais.pt\/index.php?rest_route=\/wp\/v2\/users\/1"}],"replies":[{"embeddable":true,"href":"https:\/\/www.ticmais.pt\/index.php?rest_route=%2Fwp%2Fv2%2Fcomments&post=562"}],"version-history":[{"count":0,"href":"https:\/\/www.ticmais.pt\/index.php?rest_route=\/wp\/v2\/posts\/562\/revisions"}],"wp:attachment":[{"href":"https:\/\/www.ticmais.pt\/index.php?rest_route=%2Fwp%2Fv2%2Fmedia&parent=562"}],"wp:term":[{"taxonomy":"category","embeddable":true,"href":"https:\/\/www.ticmais.pt\/index.php?rest_route=%2Fwp%2Fv2%2Fcategories&post=562"},{"taxonomy":"post_tag","embeddable":true,"href":"https:\/\/www.ticmais.pt\/index.php?rest_route=%2Fwp%2Fv2%2Ftags&post=562"}],"curies":[{"name":"wp","href":"https:\/\/api.w.org\/{rel}","templated":true}]}}