{"id":565,"date":"2007-04-11T21:17:49","date_gmt":"2007-04-11T21:17:49","guid":{"rendered":"http:\/\/www.ticmais.pt\/index.php\/2007\/04\/11\/tv-por-cabo-disponivel-em-mora-desde-maio-de-2007\/"},"modified":"2020-02-24T02:25:58","modified_gmt":"2020-02-24T01:25:58","slug":"tv-por-cabo-disponivel-em-mora-desde-maio-de-2007","status":"publish","type":"post","link":"https:\/\/www.ticmais.pt\/?p=565","title":{"rendered":"TV por cabo dispon\u00edvel em Mora desde Maio de 2007"},"content":{"rendered":"<table style=\"width: 100%;\" border=\"0\" cellspacing=\"5\" cellpadding=\"5\">\n<tbody>\n<tr>\n<td valign=\"top\" width=\"160\"><img loading=\"lazy\" decoding=\"async\" src=\"\/\/www.ticmais.pt\/ticmais\/imagens\/tv-por-cabo-disponivel-em-mora-desde-maio.jpg\" alt=\"\" width=\"160\" height=\"134\" border=\"0\" \/><\/td>\n<td valign=\"top\"><strong style=\"color: #0000cc;\"><span style=\"color: #990000;\">&#8230;mas ainda n\u00e3o chegou a Coruche!<br \/>\n<\/span><\/strong><br \/>\nA <a href=\"http:\/\/www.cm-mora.pt\/pt\/conteudos\/noticias\/Televisao%20por%20cabo%20em%20Mora.htm\" target=\"_blank\" rel=\"noopener noreferrer\">C\u00e2mara Municipal de Mora<\/a> estabeleceu com a empresa CATVP \u2013 TV Cabo Portugal S.A. um contrato de presta\u00e7\u00e3o de servi\u00e7os para dotar a vila de Mora com as infraestruturas necess\u00e1rias \u00e0 recep\u00e7\u00e3o de televis\u00e3o, telefone e Internet por cabo.<\/td>\n<\/tr>\n<\/tbody>\n<\/table>\n<div><!--more--><\/div>\n<table style=\"width: 100%;\" border=\"0\" cellspacing=\"5\" cellpadding=\"5\">\n<tbody>\n<tr>\n<td colspan=\"2\" valign=\"top\">Trata-se de um servi\u00e7o facultativo, pelo que s\u00f3 aderem a ele os mun\u00edcipes interessados&#8230;<\/p>\n<div style=\"text-align: justify;\">Sendo que os actuais clientes de TV Cabo com receptor por sat\u00e9lite poder\u00e3o solicitar a liga\u00e7\u00e3o por cabo, para aqueles que ainda n\u00e3o s\u00e3o clientes TV Cabo podem agora requisitar o servi\u00e7o por cabo.<\/div>\n<div style=\"text-align: justify;\">De salientar que todos os interessados a partir de agora podem retirar as antenas de recep\u00e7\u00e3o de sinal dos quatro principais canais nacionais e sem qualquer custo requerer a liga\u00e7\u00e3o por cabo, usufruindo desta forma de uma melhor qualidade de imagem. Pretende-se com este investimento de mais de 62 mil euros, dotar a freguesia de Mora de um moderno e avan\u00e7ado servi\u00e7o de comunica\u00e7\u00e3o.<\/div>\n<\/td>\n<\/tr>\n<\/tbody>\n<\/table>\n<table style=\"width: 100%;\" border=\"0\" cellspacing=\"5\" cellpadding=\"5\">\n<tbody>\n<tr>\n<td colspan=\"2\">\n<div style=\"text-align: center;\"><img decoding=\"async\" class=\"aligncenter\" src=\"\/\/www.ticmais.pt\/ticmais\/imagens\/tv-por-cabo-disponivel-em-mora-desde-maio4.jpg\" alt=\"\" border=\"0\" \/><\/div>\n<div style=\"text-align: center;\"><\/div>\n<\/td>\n<\/tr>\n<\/tbody>\n<\/table>\n<table style=\"width: 100%;\" border=\"0\" cellspacing=\"5\" cellpadding=\"5\">\n<tbody>\n<tr>\n<td colspan=\"2\" valign=\"top\">&nbsp;<\/p>\n<div><img decoding=\"async\" class=\"aligncenter\" src=\"\/\/www.ticmais.pt\/ticmais\/imagens\/O%20centro%20historico%20da%20vila%20de%20Coruche-a-b.png\" alt=\"\" \/><\/div>\n<\/td>\n<\/tr>\n<tr>\n<td colspan=\"2\" valign=\"top\"><strong>NOTA:<br \/>\n<span style=\"color: #990000;\">J\u00e1 se devia ter feito o mesmo em Coruche.<\/span><\/strong><\/td>\n<\/tr>\n<tr>\n<td colspan=\"2\"><img decoding=\"async\" src=\"\/\/www.ticmais.pt\/ticmais\/imagens\/Coruche,Antonio Pinheiro da Costa,TicMAIS,Cantanhede,Cidadania, Movimento.png\" alt=\"\" \/><\/td>\n<\/tr>\n<tr>\n<td colspan=\"2\"><a href=\"https:\/\/www.ticmais.pt\/\"><span style=\"color: #800000;\"><img decoding=\"async\" src=\"\/\/www.ticmais.pt\/ticmais\/imagens\/Coruche, TicMAIS, Antonio Pinheiro da Costa, Movimento de Cidadania, Cantanhede.png\" alt=\"\" \/><\/span><\/a><\/td>\n<\/tr>\n<tr>\n<td colspan=\"2\">Fonte: Jornal &#8220;Mais Regi\u00e3o&#8221;<\/td>\n<\/tr>\n<\/tbody>\n<\/table>\n","protected":false},"excerpt":{"rendered":"<p>&#8230;mas ainda n\u00e3o chegou a Coruche! A C\u00e2mara Municipal de Mora estabeleceu com a empresa CATVP \u2013 TV Cabo Portugal S.A. um contrato de presta\u00e7\u00e3o de servi\u00e7os para dotar a vila de Mora com as infraestruturas necess\u00e1rias \u00e0 recep\u00e7\u00e3o de televis\u00e3o, telefone e Internet por cabo.<\/p>\n","protected":false},"author":1,"featured_media":0,"comment_status":"open","ping_status":"open","sticky":false,"template":"","format":"standard","meta":{"footnotes":""},"categories":[15],"tags":[31,32,2,3,5,6,8,33,34,10,11,12,13,35,16],"class_list":["post-565","post","type-post","status-publish","format-standard","hentry","category-tic-mais","tag-3play","tag-4play","tag-antonio-pinheiro-da-costa","tag-camara-municipal-de-coruche","tag-cidadania","tag-coruche","tag-inclusao-digital","tag-interioridade","tag-internet","tag-movimentos-civicos","tag-movimento-de-cidadania","tag-municipios","tag-poder-local","tag-telecomunicacoes","tag-ticmais"],"_links":{"self":[{"href":"https:\/\/www.ticmais.pt\/index.php?rest_route=\/wp\/v2\/posts\/565","targetHints":{"allow":["GET"]}}],"collection":[{"href":"https:\/\/www.ticmais.pt\/index.php?rest_route=\/wp\/v2\/posts"}],"about":[{"href":"https:\/\/www.ticmais.pt\/index.php?rest_route=\/wp\/v2\/types\/post"}],"author":[{"embeddable":true,"href":"https:\/\/www.ticmais.pt\/index.php?rest_route=\/wp\/v2\/users\/1"}],"replies":[{"embeddable":true,"href":"https:\/\/www.ticmais.pt\/index.php?rest_route=%2Fwp%2Fv2%2Fcomments&post=565"}],"version-history":[{"count":0,"href":"https:\/\/www.ticmais.pt\/index.php?rest_route=\/wp\/v2\/posts\/565\/revisions"}],"wp:attachment":[{"href":"https:\/\/www.ticmais.pt\/index.php?rest_route=%2Fwp%2Fv2%2Fmedia&parent=565"}],"wp:term":[{"taxonomy":"category","embeddable":true,"href":"https:\/\/www.ticmais.pt\/index.php?rest_route=%2Fwp%2Fv2%2Fcategories&post=565"},{"taxonomy":"post_tag","embeddable":true,"href":"https:\/\/www.ticmais.pt\/index.php?rest_route=%2Fwp%2Fv2%2Ftags&post=565"}],"curies":[{"name":"wp","href":"https:\/\/api.w.org\/{rel}","templated":true}]}}