{"id":5652,"date":"2017-01-02T13:25:02","date_gmt":"2017-01-02T13:25:02","guid":{"rendered":"http:\/\/www.ticmais.pt\/?p=5652"},"modified":"2017-01-02T20:43:05","modified_gmt":"2017-01-02T20:43:05","slug":"costa-rica-passou-o-ano-quase-todo-sem-usar-combustiveis-fosseis","status":"publish","type":"post","link":"https:\/\/www.ticmais.pt\/?p=5652","title":{"rendered":"Costa Rica passou o ano (quase todo) sem usar combust\u00edveis f\u00f3sseis"},"content":{"rendered":"<p style=\"text-align: justify;\"><img decoding=\"async\" class=\"alignleft\" src=\"\/\/www.ticmais.pt\/ticmais\/imagens\/CostaRicapassouoanoquasetodosemusarcombustveisfsseis.jpg\" \/>\u00c9 uma luz de esperan\u00e7a: um pa\u00eds inteiro subsistiu 250 dias do ano passado s\u00f3 com recurso a energias verdes. Mais de 98% das necessidades el\u00e9tricas da Costa Rica foram alimentadas com energias renov\u00e1veis. <a href=\"http:\/\/exameinformatica.sapo.pt\/lifestyle\/eco\/2017-01-02-Costa-Rica-passou-o-ano--quase-todo--sem-usar-combustiveis-fosseis\">Mais&#8230;<\/a><\/p>\n<p style=\"text-align: justify;\"><strong>Not\u00edcia relacionada:<\/strong><br \/>\n<a href=\"https:\/\/pplware.sapo.pt\/informacao\/portugal-57-da-electricidade-consumida-veio-de-energias-renovveis\/\">57% da electricidade consumida veio de energias renov\u00e1veis<\/a><\/p>\n","protected":false},"excerpt":{"rendered":"<p>\u00c9 uma luz de esperan\u00e7a: um pa\u00eds inteiro subsistiu 250 dias do ano passado s\u00f3 com recurso a energias verdes. Mais de 98% das necessidades el\u00e9tricas da Costa Rica foram alimentadas com energias renov\u00e1veis. Mais&#8230; Not\u00edcia relacionada: 57% da electricidade consumida veio de energias renov\u00e1veis<\/p>\n","protected":false},"author":1,"featured_media":0,"comment_status":"closed","ping_status":"closed","sticky":false,"template":"","format":"standard","meta":{"footnotes":""},"categories":[15],"tags":[3267,26],"class_list":["post-5652","post","type-post","status-publish","format-standard","hentry","category-tic-mais","tag-costa-rica","tag-energias-renovaveis"],"_links":{"self":[{"href":"https:\/\/www.ticmais.pt\/index.php?rest_route=\/wp\/v2\/posts\/5652","targetHints":{"allow":["GET"]}}],"collection":[{"href":"https:\/\/www.ticmais.pt\/index.php?rest_route=\/wp\/v2\/posts"}],"about":[{"href":"https:\/\/www.ticmais.pt\/index.php?rest_route=\/wp\/v2\/types\/post"}],"author":[{"embeddable":true,"href":"https:\/\/www.ticmais.pt\/index.php?rest_route=\/wp\/v2\/users\/1"}],"replies":[{"embeddable":true,"href":"https:\/\/www.ticmais.pt\/index.php?rest_route=%2Fwp%2Fv2%2Fcomments&post=5652"}],"version-history":[{"count":0,"href":"https:\/\/www.ticmais.pt\/index.php?rest_route=\/wp\/v2\/posts\/5652\/revisions"}],"wp:attachment":[{"href":"https:\/\/www.ticmais.pt\/index.php?rest_route=%2Fwp%2Fv2%2Fmedia&parent=5652"}],"wp:term":[{"taxonomy":"category","embeddable":true,"href":"https:\/\/www.ticmais.pt\/index.php?rest_route=%2Fwp%2Fv2%2Fcategories&post=5652"},{"taxonomy":"post_tag","embeddable":true,"href":"https:\/\/www.ticmais.pt\/index.php?rest_route=%2Fwp%2Fv2%2Ftags&post=5652"}],"curies":[{"name":"wp","href":"https:\/\/api.w.org\/{rel}","templated":true}]}}