{"id":5655,"date":"2017-01-04T17:36:14","date_gmt":"2017-01-04T17:36:14","guid":{"rendered":"http:\/\/www.ticmais.pt\/?p=5655"},"modified":"2017-01-04T17:37:10","modified_gmt":"2017-01-04T17:37:10","slug":"projeto-tecnologico-tribunal-expande-se-para-oeiras-cascais-e-amadora","status":"publish","type":"post","link":"https:\/\/www.ticmais.pt\/?p=5655","title":{"rendered":"Projeto tecnol\u00f3gico Tribunal + expande-se para Oeiras, Cascais e Amadora"},"content":{"rendered":"<p><img decoding=\"async\" class=\"alignleft\" src=\"\/\/www.ticmais.pt\/ticmais\/imagens\/ProjetotecnolgicoTribunalexpande-separaOeirasCascaiseAmadora.jpg\" \/><\/p>\n<p style=\"text-align: justify;\">Numa sess\u00e3o de apresenta\u00e7\u00e3o que decorreu esta quarta-feira no Tribunal de Sintra, a Secret\u00e1ria de Estado Adjunta e da Justi\u00e7a considera que a implementa\u00e7\u00e3o foi positiva. A expans\u00e3o a tr\u00eas novas regi\u00f5es precede uma fase de avalia\u00e7\u00f5es que vai decorrer j\u00e1 a partir do pr\u00f3ximo m\u00eas de mar\u00e7o. <a href=\"http:\/\/tek.sapo.pt\/noticias\/computadores\/artigo\/projeto_tecnologico_tribunal_expande_se_para_oeiras_cascais_e_amadora-50136exz.html\">Mais&#8230;<\/a><\/p>\n","protected":false},"excerpt":{"rendered":"<p>Numa sess\u00e3o de apresenta\u00e7\u00e3o que decorreu esta quarta-feira no Tribunal de Sintra, a Secret\u00e1ria de Estado Adjunta e da Justi\u00e7a considera que a implementa\u00e7\u00e3o foi positiva. A expans\u00e3o a tr\u00eas novas regi\u00f5es precede uma fase de avalia\u00e7\u00f5es que vai decorrer j\u00e1 a partir do pr\u00f3ximo m\u00eas de mar\u00e7o. Mais&#8230;<\/p>\n","protected":false},"author":1,"featured_media":0,"comment_status":"closed","ping_status":"closed","sticky":false,"template":"","format":"standard","meta":{"footnotes":""},"categories":[15],"tags":[14],"class_list":["post-5655","post","type-post","status-publish","format-standard","hentry","category-tic-mais","tag-simplex"],"_links":{"self":[{"href":"https:\/\/www.ticmais.pt\/index.php?rest_route=\/wp\/v2\/posts\/5655","targetHints":{"allow":["GET"]}}],"collection":[{"href":"https:\/\/www.ticmais.pt\/index.php?rest_route=\/wp\/v2\/posts"}],"about":[{"href":"https:\/\/www.ticmais.pt\/index.php?rest_route=\/wp\/v2\/types\/post"}],"author":[{"embeddable":true,"href":"https:\/\/www.ticmais.pt\/index.php?rest_route=\/wp\/v2\/users\/1"}],"replies":[{"embeddable":true,"href":"https:\/\/www.ticmais.pt\/index.php?rest_route=%2Fwp%2Fv2%2Fcomments&post=5655"}],"version-history":[{"count":0,"href":"https:\/\/www.ticmais.pt\/index.php?rest_route=\/wp\/v2\/posts\/5655\/revisions"}],"wp:attachment":[{"href":"https:\/\/www.ticmais.pt\/index.php?rest_route=%2Fwp%2Fv2%2Fmedia&parent=5655"}],"wp:term":[{"taxonomy":"category","embeddable":true,"href":"https:\/\/www.ticmais.pt\/index.php?rest_route=%2Fwp%2Fv2%2Fcategories&post=5655"},{"taxonomy":"post_tag","embeddable":true,"href":"https:\/\/www.ticmais.pt\/index.php?rest_route=%2Fwp%2Fv2%2Ftags&post=5655"}],"curies":[{"name":"wp","href":"https:\/\/api.w.org\/{rel}","templated":true}]}}