{"id":5734,"date":"2017-06-08T01:32:12","date_gmt":"2017-06-08T01:32:12","guid":{"rendered":"http:\/\/www.ticmais.pt\/?p=5734"},"modified":"2017-06-08T01:33:55","modified_gmt":"2017-06-08T01:33:55","slug":"producao-mundial-de-energias-renovaveis-ja-chega-para-dar-luz-a-meia-europa-ocidental","status":"publish","type":"post","link":"https:\/\/www.ticmais.pt\/?p=5734","title":{"rendered":"Produ\u00e7\u00e3o mundial de energias renov\u00e1veis j\u00e1 chega para dar luz a meia Europa ocidental"},"content":{"rendered":"<p><img decoding=\"async\" class=\"alignleft\" src=\"\/\/www.ticmais.pt\/ticmais\/imagens\/ProduomundialdeenergiasrenovveisjchegaparadarluzameiaEuropaocidental.jpg\" \/><\/p>\n<div style=\"text-align: justify;\">A conclus\u00e3o \u00e9 da Ren21 e vem esmiu\u00e7ada no &#8220;Relat\u00f3rio do Estado Global das Energias Renov\u00e1veis 2017&#8221;.<\/div>\n<div style=\"text-align: justify;\">Apesar dos Estados Unidos estarem agora menos comprometidos do que nunca em alcan\u00e7ar as metas definidas no Acordo de Paris, o resto do planeta parece continuar empenhado em investir nas energias renov\u00e1veis. <a href=\"http:\/\/tek.sapo.pt\/noticias\/negocios\/artigos\/producoes-mundiais-de-energias-renovaveis-ja-chegam-para-dar-luz-a-meia-europa-ocidental\">Mais&#8230;<\/a><\/div>\n","protected":false},"excerpt":{"rendered":"<p>A conclus\u00e3o \u00e9 da Ren21 e vem esmiu\u00e7ada no &#8220;Relat\u00f3rio do Estado Global das Energias Renov\u00e1veis 2017&#8221;. Apesar dos Estados Unidos estarem agora menos comprometidos do que nunca em alcan\u00e7ar as metas definidas no Acordo de Paris, o resto do planeta parece continuar empenhado em investir nas energias renov\u00e1veis. Mais&#8230;<\/p>\n","protected":false},"author":1,"featured_media":0,"comment_status":"closed","ping_status":"closed","sticky":false,"template":"","format":"standard","meta":{"footnotes":""},"categories":[15],"tags":[26,3318,1866,717,3319],"class_list":["post-5734","post","type-post","status-publish","format-standard","hentry","category-tic-mais","tag-energias-renovaveis","tag-mundial","tag-producao","tag-relatorio","tag-ren21"],"_links":{"self":[{"href":"https:\/\/www.ticmais.pt\/index.php?rest_route=\/wp\/v2\/posts\/5734","targetHints":{"allow":["GET"]}}],"collection":[{"href":"https:\/\/www.ticmais.pt\/index.php?rest_route=\/wp\/v2\/posts"}],"about":[{"href":"https:\/\/www.ticmais.pt\/index.php?rest_route=\/wp\/v2\/types\/post"}],"author":[{"embeddable":true,"href":"https:\/\/www.ticmais.pt\/index.php?rest_route=\/wp\/v2\/users\/1"}],"replies":[{"embeddable":true,"href":"https:\/\/www.ticmais.pt\/index.php?rest_route=%2Fwp%2Fv2%2Fcomments&post=5734"}],"version-history":[{"count":0,"href":"https:\/\/www.ticmais.pt\/index.php?rest_route=\/wp\/v2\/posts\/5734\/revisions"}],"wp:attachment":[{"href":"https:\/\/www.ticmais.pt\/index.php?rest_route=%2Fwp%2Fv2%2Fmedia&parent=5734"}],"wp:term":[{"taxonomy":"category","embeddable":true,"href":"https:\/\/www.ticmais.pt\/index.php?rest_route=%2Fwp%2Fv2%2Fcategories&post=5734"},{"taxonomy":"post_tag","embeddable":true,"href":"https:\/\/www.ticmais.pt\/index.php?rest_route=%2Fwp%2Fv2%2Ftags&post=5734"}],"curies":[{"name":"wp","href":"https:\/\/api.w.org\/{rel}","templated":true}]}}