{"id":5736,"date":"2017-06-12T20:15:56","date_gmt":"2017-06-12T20:15:56","guid":{"rendered":"http:\/\/www.ticmais.pt\/?p=5736"},"modified":"2017-06-12T20:17:04","modified_gmt":"2017-06-12T20:17:04","slug":"disciplina-de-tic-e-programacao-obrigatoria-do-5o-ao-9o-ano-em-20182019","status":"publish","type":"post","link":"https:\/\/www.ticmais.pt\/?p=5736","title":{"rendered":"Disciplina de TIC e programa\u00e7\u00e3o obrigat\u00f3ria do 5\u00ba ao 9\u00ba ano em 2018\/2019"},"content":{"rendered":"<p style=\"text-align: justify;\">\u00a0<img decoding=\"async\" class=\"alignleft\" src=\"\/\/www.ticmais.pt\/ticmais\/imagens\/DisciplinadeTICeprogramaoobrigatriado5ao9anoem20182019.jpg\" \/>O Governo prepara-se para relan\u00e7ar a disciplina de Tecnologias da Informa\u00e7\u00e3o e Comunica\u00e7\u00e3o (TIC) no ano letivo de 2018\/2019.<br \/>\nA reformula\u00e7\u00e3o da disciplina tem vindo a ser trabalhada pela Dire\u00e7\u00e3o Geral da Educa\u00e7\u00e3o. Se tudo correr como previsto, a disciplina de TIC vai passar a ser lecionada em todas as escolas p\u00fablicas do Continente entre o 5\u00ba e o 9\u00ba anos de escolaridade. <a href=\"http:\/\/exameinformatica.sapo.pt\/noticias\/mercados\/2017-06-12-Disciplina-de-TIC-e-programacao-obrigatoria-do-5-ao-9-ano-em-2018-2019\">Mais&#8230;<\/a><\/p>\n","protected":false},"excerpt":{"rendered":"<p>\u00a0O Governo prepara-se para relan\u00e7ar a disciplina de Tecnologias da Informa\u00e7\u00e3o e Comunica\u00e7\u00e3o (TIC) no ano letivo de 2018\/2019. A reformula\u00e7\u00e3o da disciplina tem vindo a ser trabalhada pela Dire\u00e7\u00e3o Geral da Educa\u00e7\u00e3o. Se tudo correr como previsto, a disciplina de TIC vai passar a ser lecionada em todas as escolas p\u00fablicas do Continente entre [&hellip;]<\/p>\n","protected":false},"author":1,"featured_media":0,"comment_status":"closed","ping_status":"closed","sticky":false,"template":"","format":"standard","meta":{"footnotes":""},"categories":[15],"tags":[20,121,363],"class_list":["post-5736","post","type-post","status-publish","format-standard","hentry","category-tic-mais","tag-ensino","tag-governo","tag-tic"],"_links":{"self":[{"href":"https:\/\/www.ticmais.pt\/index.php?rest_route=\/wp\/v2\/posts\/5736","targetHints":{"allow":["GET"]}}],"collection":[{"href":"https:\/\/www.ticmais.pt\/index.php?rest_route=\/wp\/v2\/posts"}],"about":[{"href":"https:\/\/www.ticmais.pt\/index.php?rest_route=\/wp\/v2\/types\/post"}],"author":[{"embeddable":true,"href":"https:\/\/www.ticmais.pt\/index.php?rest_route=\/wp\/v2\/users\/1"}],"replies":[{"embeddable":true,"href":"https:\/\/www.ticmais.pt\/index.php?rest_route=%2Fwp%2Fv2%2Fcomments&post=5736"}],"version-history":[{"count":0,"href":"https:\/\/www.ticmais.pt\/index.php?rest_route=\/wp\/v2\/posts\/5736\/revisions"}],"wp:attachment":[{"href":"https:\/\/www.ticmais.pt\/index.php?rest_route=%2Fwp%2Fv2%2Fmedia&parent=5736"}],"wp:term":[{"taxonomy":"category","embeddable":true,"href":"https:\/\/www.ticmais.pt\/index.php?rest_route=%2Fwp%2Fv2%2Fcategories&post=5736"},{"taxonomy":"post_tag","embeddable":true,"href":"https:\/\/www.ticmais.pt\/index.php?rest_route=%2Fwp%2Fv2%2Ftags&post=5736"}],"curies":[{"name":"wp","href":"https:\/\/api.w.org\/{rel}","templated":true}]}}