{"id":5759,"date":"2017-07-19T15:18:40","date_gmt":"2017-07-19T15:18:40","guid":{"rendered":"http:\/\/www.ticmais.pt\/?p=5759"},"modified":"2017-07-19T15:19:31","modified_gmt":"2017-07-19T15:19:31","slug":"portugal-e-um-dos-paises-europeus-com-menos-empregos-no-sector-das-tic","status":"publish","type":"post","link":"https:\/\/www.ticmais.pt\/?p=5759","title":{"rendered":"Portugal \u00e9 um dos pa\u00edses europeus com menos empregos no sector das TIC"},"content":{"rendered":"<p><img decoding=\"async\" class=\"alignleft\" src=\"\/\/www.ticmais.pt\/ticmais\/imagens\/PortugalumdospaseseuropeuscommenosempregosnosectordasTIC.jpg\" \/><\/p>\n<p style=\"text-align: justify;\">No final de 2016, apenas 2,4% dos empregos em Portugal eram na \u00e1rea das tecnologias da informa\u00e7\u00e3o e comunica\u00e7\u00e3o.<br \/>\nDe acordo com um relat\u00f3rio publicado recentemente pelo Eurostat, Portugal empregava 108,8 mil pessoas no sector das tecnologias de informa\u00e7\u00e3o e comunica\u00e7\u00e3o em 2016. O n\u00famero d\u00e1 ao pa\u00eds um dos \u00faltimos lugares na lista de maiores empregadores da ind\u00fastria na UE. <a href=\"http:\/\/tek.sapo.pt\/noticias\/negocios\/artigos\/portugal-e-um-dos-paises-europeus-com-menos-empregos-no-sector-das-tic\">Mais&#8230;<\/a><\/p>\n<p>&nbsp;<\/p>\n","protected":false},"excerpt":{"rendered":"<p>No final de 2016, apenas 2,4% dos empregos em Portugal eram na \u00e1rea das tecnologias da informa\u00e7\u00e3o e comunica\u00e7\u00e3o. De acordo com um relat\u00f3rio publicado recentemente pelo Eurostat, Portugal empregava 108,8 mil pessoas no sector das tecnologias de informa\u00e7\u00e3o e comunica\u00e7\u00e3o em 2016. O n\u00famero d\u00e1 ao pa\u00eds um dos \u00faltimos lugares na lista de [&hellip;]<\/p>\n","protected":false},"author":1,"featured_media":0,"comment_status":"closed","ping_status":"closed","sticky":false,"template":"","format":"standard","meta":{"footnotes":""},"categories":[15],"tags":[134,132,363],"class_list":["post-5759","post","type-post","status-publish","format-standard","hentry","category-tic-mais","tag-emprego","tag-portugal","tag-tic"],"_links":{"self":[{"href":"https:\/\/www.ticmais.pt\/index.php?rest_route=\/wp\/v2\/posts\/5759","targetHints":{"allow":["GET"]}}],"collection":[{"href":"https:\/\/www.ticmais.pt\/index.php?rest_route=\/wp\/v2\/posts"}],"about":[{"href":"https:\/\/www.ticmais.pt\/index.php?rest_route=\/wp\/v2\/types\/post"}],"author":[{"embeddable":true,"href":"https:\/\/www.ticmais.pt\/index.php?rest_route=\/wp\/v2\/users\/1"}],"replies":[{"embeddable":true,"href":"https:\/\/www.ticmais.pt\/index.php?rest_route=%2Fwp%2Fv2%2Fcomments&post=5759"}],"version-history":[{"count":0,"href":"https:\/\/www.ticmais.pt\/index.php?rest_route=\/wp\/v2\/posts\/5759\/revisions"}],"wp:attachment":[{"href":"https:\/\/www.ticmais.pt\/index.php?rest_route=%2Fwp%2Fv2%2Fmedia&parent=5759"}],"wp:term":[{"taxonomy":"category","embeddable":true,"href":"https:\/\/www.ticmais.pt\/index.php?rest_route=%2Fwp%2Fv2%2Fcategories&post=5759"},{"taxonomy":"post_tag","embeddable":true,"href":"https:\/\/www.ticmais.pt\/index.php?rest_route=%2Fwp%2Fv2%2Ftags&post=5759"}],"curies":[{"name":"wp","href":"https:\/\/api.w.org\/{rel}","templated":true}]}}