{"id":5805,"date":"2017-09-08T18:29:31","date_gmt":"2017-09-08T18:29:31","guid":{"rendered":"http:\/\/www.ticmais.pt\/?p=5805"},"modified":"2017-09-08T18:37:14","modified_gmt":"2017-09-08T18:37:14","slug":"literacia-precisa-se-principalmente-digital-lembra-bruxelas","status":"publish","type":"post","link":"https:\/\/www.ticmais.pt\/?p=5805","title":{"rendered":"\u00a0 Literacia precisa-se. Principalmente digital, lembra Bruxelas"},"content":{"rendered":"<p><img decoding=\"async\" class=\"alignleft\" src=\"\/\/www.ticmais.pt\/ticmais\/imagens\/Literaciaprecisa-se.PrincipalmentedigitallembraBruxelas.jpg\" \/><\/p>\n<p style=\"text-align: justify;\">O futuro da Europa \u00e9 digital e h\u00e1 novas medidas prontas a refor\u00e7arem a ideia<br \/>\nO dia internacional \u00e9 da Literacia, mas h\u00e1 muito que o conceito ultrapassou as quest\u00f5es basilares de aprender a ler e escrever. Hoje o plano \u00e9 o do digital e de como saber usar as ferramentas eletr\u00f3nicas ao nosso dispor. <a href=\"http:\/\/tek.sapo.pt\/noticias\/computadores\/artigos\/literacia-precisa-se-principalmente-digital-lembra-bruxelas\">Mais&#8230;<\/a><\/p>\n","protected":false},"excerpt":{"rendered":"<p>O futuro da Europa \u00e9 digital e h\u00e1 novas medidas prontas a refor\u00e7arem a ideia O dia internacional \u00e9 da Literacia, mas h\u00e1 muito que o conceito ultrapassou as quest\u00f5es basilares de aprender a ler e escrever. Hoje o plano \u00e9 o do digital e de como saber usar as ferramentas eletr\u00f3nicas ao nosso dispor. [&hellip;]<\/p>\n","protected":false},"author":1,"featured_media":0,"comment_status":"closed","ping_status":"closed","sticky":false,"template":"","format":"standard","meta":{"footnotes":""},"categories":[15],"tags":[1867,1929,865,2698],"class_list":["post-5805","post","type-post","status-publish","format-standard","hentry","category-tic-mais","tag-bruxelas","tag-comissao-europeia","tag-dia-internacional","tag-iliteracia-digital"],"_links":{"self":[{"href":"https:\/\/www.ticmais.pt\/index.php?rest_route=\/wp\/v2\/posts\/5805","targetHints":{"allow":["GET"]}}],"collection":[{"href":"https:\/\/www.ticmais.pt\/index.php?rest_route=\/wp\/v2\/posts"}],"about":[{"href":"https:\/\/www.ticmais.pt\/index.php?rest_route=\/wp\/v2\/types\/post"}],"author":[{"embeddable":true,"href":"https:\/\/www.ticmais.pt\/index.php?rest_route=\/wp\/v2\/users\/1"}],"replies":[{"embeddable":true,"href":"https:\/\/www.ticmais.pt\/index.php?rest_route=%2Fwp%2Fv2%2Fcomments&post=5805"}],"version-history":[{"count":0,"href":"https:\/\/www.ticmais.pt\/index.php?rest_route=\/wp\/v2\/posts\/5805\/revisions"}],"wp:attachment":[{"href":"https:\/\/www.ticmais.pt\/index.php?rest_route=%2Fwp%2Fv2%2Fmedia&parent=5805"}],"wp:term":[{"taxonomy":"category","embeddable":true,"href":"https:\/\/www.ticmais.pt\/index.php?rest_route=%2Fwp%2Fv2%2Fcategories&post=5805"},{"taxonomy":"post_tag","embeddable":true,"href":"https:\/\/www.ticmais.pt\/index.php?rest_route=%2Fwp%2Fv2%2Ftags&post=5805"}],"curies":[{"name":"wp","href":"https:\/\/api.w.org\/{rel}","templated":true}]}}