{"id":5808,"date":"2017-09-18T14:15:35","date_gmt":"2017-09-18T14:15:35","guid":{"rendered":"http:\/\/www.ticmais.pt\/?p=5808"},"modified":"2017-09-18T14:16:52","modified_gmt":"2017-09-18T14:16:52","slug":"europa-vai-avancar-com-autoestradas-prioritarias-para-carros-autonomos-portugal-esta-na-lista","status":"publish","type":"post","link":"https:\/\/www.ticmais.pt\/?p=5808","title":{"rendered":"Europa vai avan\u00e7ar com \u201cautoestradas priorit\u00e1rias\u201d para carros aut\u00f3nomos. Portugal est\u00e1 na lista"},"content":{"rendered":"<p><img decoding=\"async\" class=\"alignleft\" src=\"\/\/www.ticmais.pt\/ticmais\/imagens\/Europavaiavanarcomautoestradasprioritriasparacarrosautnomos.Portugalestnalista.jpg\" \/><\/p>\n<p style=\"text-align: justify;\">Foi assinado um acordo entre a Comiss\u00e3o Europeia, os ministros da Europa e v\u00e1rias entidades da ind\u00fastria para trabalhar em \u201ccorredores\u201d transfronteiri\u00e7os de desenvolvimento da mobilidade aut\u00f3noma e Portugal est\u00e1 em dois eixos. <a href=\"http:\/\/tek.sapo.pt\/noticias\/negocios\/artigos\/europa-vai-avancar-com-autoestradas-prioritarias-para-carros-autonomos-portugal-esta-na-lista\">Mais&#8230;<\/a><\/p>\n<p>&nbsp;<\/p>\n","protected":false},"excerpt":{"rendered":"<p>Foi assinado um acordo entre a Comiss\u00e3o Europeia, os ministros da Europa e v\u00e1rias entidades da ind\u00fastria para trabalhar em \u201ccorredores\u201d transfronteiri\u00e7os de desenvolvimento da mobilidade aut\u00f3noma e Portugal est\u00e1 em dois eixos. Mais&#8230; &nbsp;<\/p>\n","protected":false},"author":1,"featured_media":0,"comment_status":"closed","ping_status":"closed","sticky":false,"template":"","format":"standard","meta":{"footnotes":""},"categories":[15],"tags":[1929,99,3253],"class_list":["post-5808","post","type-post","status-publish","format-standard","hentry","category-tic-mais","tag-comissao-europeia","tag-uniao-europeia","tag-veiculos-autonomos"],"_links":{"self":[{"href":"https:\/\/www.ticmais.pt\/index.php?rest_route=\/wp\/v2\/posts\/5808","targetHints":{"allow":["GET"]}}],"collection":[{"href":"https:\/\/www.ticmais.pt\/index.php?rest_route=\/wp\/v2\/posts"}],"about":[{"href":"https:\/\/www.ticmais.pt\/index.php?rest_route=\/wp\/v2\/types\/post"}],"author":[{"embeddable":true,"href":"https:\/\/www.ticmais.pt\/index.php?rest_route=\/wp\/v2\/users\/1"}],"replies":[{"embeddable":true,"href":"https:\/\/www.ticmais.pt\/index.php?rest_route=%2Fwp%2Fv2%2Fcomments&post=5808"}],"version-history":[{"count":0,"href":"https:\/\/www.ticmais.pt\/index.php?rest_route=\/wp\/v2\/posts\/5808\/revisions"}],"wp:attachment":[{"href":"https:\/\/www.ticmais.pt\/index.php?rest_route=%2Fwp%2Fv2%2Fmedia&parent=5808"}],"wp:term":[{"taxonomy":"category","embeddable":true,"href":"https:\/\/www.ticmais.pt\/index.php?rest_route=%2Fwp%2Fv2%2Fcategories&post=5808"},{"taxonomy":"post_tag","embeddable":true,"href":"https:\/\/www.ticmais.pt\/index.php?rest_route=%2Fwp%2Fv2%2Ftags&post=5808"}],"curies":[{"name":"wp","href":"https:\/\/api.w.org\/{rel}","templated":true}]}}