{"id":5820,"date":"2017-10-09T14:03:42","date_gmt":"2017-10-09T14:03:42","guid":{"rendered":"http:\/\/www.ticmais.pt\/?p=5820"},"modified":"2017-10-09T14:04:00","modified_gmt":"2017-10-09T14:04:00","slug":"carregadores-de-carros-eletricos-serao-obrigatorios-nas-casas","status":"publish","type":"post","link":"https:\/\/www.ticmais.pt\/?p=5820","title":{"rendered":"Carregadores de carros el\u00e9tricos ser\u00e3o obrigat\u00f3rios nas casas"},"content":{"rendered":"<p><img decoding=\"async\" class=\"alignleft\" src=\"\/\/www.ticmais.pt\/ticmais\/imagens\/Carregadoresdecarroseltricosseroobrigatriosnascasas.jpg\" \/><\/p>\n<p style=\"text-align: justify;\"><strong>\u2026 j\u00e1 para o ano de 2019<\/strong><br \/>\nTal como em 2005, o Governo aprovou um pacote sobre efici\u00eancia energ\u00e9tica nos edif\u00edcios, que obrigou \u00e0 instala\u00e7\u00e3o de pain\u00e9is solares nos novos pr\u00e9dios. Tamb\u00e9m agora, nas Grandes Op\u00e7\u00f5es do Plano (GOP) para 2018, o Governo inscreveu pontos de carregamento obrigat\u00f3rios nas novas casas e garagens. <a href=\"https:\/\/pplware.sapo.pt\/informacao\/obrigatorio-carregadores-carros-eletricos-casas\/\">Mais&#8230;<\/a><\/p>\n","protected":false},"excerpt":{"rendered":"<p>\u2026 j\u00e1 para o ano de 2019 Tal como em 2005, o Governo aprovou um pacote sobre efici\u00eancia energ\u00e9tica nos edif\u00edcios, que obrigou \u00e0 instala\u00e7\u00e3o de pain\u00e9is solares nos novos pr\u00e9dios. Tamb\u00e9m agora, nas Grandes Op\u00e7\u00f5es do Plano (GOP) para 2018, o Governo inscreveu pontos de carregamento obrigat\u00f3rios nas novas casas e garagens. Mais&#8230;<\/p>\n","protected":false},"author":1,"featured_media":0,"comment_status":"closed","ping_status":"closed","sticky":false,"template":"","format":"standard","meta":{"footnotes":""},"categories":[15],"tags":[332,1546,59],"class_list":["post-5820","post","type-post","status-publish","format-standard","hentry","category-tic-mais","tag-carregadores","tag-edificios","tag-veiculos-electricos"],"_links":{"self":[{"href":"https:\/\/www.ticmais.pt\/index.php?rest_route=\/wp\/v2\/posts\/5820","targetHints":{"allow":["GET"]}}],"collection":[{"href":"https:\/\/www.ticmais.pt\/index.php?rest_route=\/wp\/v2\/posts"}],"about":[{"href":"https:\/\/www.ticmais.pt\/index.php?rest_route=\/wp\/v2\/types\/post"}],"author":[{"embeddable":true,"href":"https:\/\/www.ticmais.pt\/index.php?rest_route=\/wp\/v2\/users\/1"}],"replies":[{"embeddable":true,"href":"https:\/\/www.ticmais.pt\/index.php?rest_route=%2Fwp%2Fv2%2Fcomments&post=5820"}],"version-history":[{"count":0,"href":"https:\/\/www.ticmais.pt\/index.php?rest_route=\/wp\/v2\/posts\/5820\/revisions"}],"wp:attachment":[{"href":"https:\/\/www.ticmais.pt\/index.php?rest_route=%2Fwp%2Fv2%2Fmedia&parent=5820"}],"wp:term":[{"taxonomy":"category","embeddable":true,"href":"https:\/\/www.ticmais.pt\/index.php?rest_route=%2Fwp%2Fv2%2Fcategories&post=5820"},{"taxonomy":"post_tag","embeddable":true,"href":"https:\/\/www.ticmais.pt\/index.php?rest_route=%2Fwp%2Fv2%2Ftags&post=5820"}],"curies":[{"name":"wp","href":"https:\/\/api.w.org\/{rel}","templated":true}]}}