{"id":5865,"date":"2018-01-18T21:43:43","date_gmt":"2018-01-18T21:43:43","guid":{"rendered":"http:\/\/www.ticmais.pt\/?p=5865"},"modified":"2020-03-25T22:29:30","modified_gmt":"2020-03-25T21:29:30","slug":"bruxelas-tem-novas-propostas-para-melhorar-competencias-digitais-dos-europeus","status":"publish","type":"post","link":"https:\/\/www.ticmais.pt\/?p=5865","title":{"rendered":"Bruxelas tem novas propostas para melhorar compet\u00eancias digitais dos europeus"},"content":{"rendered":"<p><img decoding=\"async\" class=\"alignleft\" src=\"\/\/www.ticmais.pt\/ticmais\/imagens\/Bruxelastemnovaspropostasparamelhorarcompetnciasdigitaisdoseuropeus.jpg\" \/><\/p>\n<p style=\"text-align: justify;\">A Comiss\u00e3o Europeia deu recentemente a conhecer novas propostas destinadas a impulsionar as compet\u00eancias essenciais e digitais dos cidad\u00e3os dos Estados-membros da Uni\u00e3o Europeia.<br \/>\nUma das bases do conjunto e iniciativas est\u00e1 um Plano de A\u00e7\u00e3o para a Educa\u00e7\u00e3o Digital, destinado ajudar cidad\u00e3os e institui\u00e7\u00f5es de ensino \u201ca melhor se adaptarem \u00e0 vida e ao trabalho numa era marcada pela r\u00e1pida evolu\u00e7\u00e3o digital\u201d, refere em comunicado. <a href=\"https:\/\/tek.sapo.pt\/expert\/artigos\/bruxelas-tem-novas-medidas-para-melhorar-competencias-digitais-dos-europeus\">Mais&#8230;<\/a><\/p>\n","protected":false},"excerpt":{"rendered":"<p>A Comiss\u00e3o Europeia deu recentemente a conhecer novas propostas destinadas a impulsionar as compet\u00eancias essenciais e digitais dos cidad\u00e3os dos Estados-membros da Uni\u00e3o Europeia. Uma das bases do conjunto e iniciativas est\u00e1 um Plano de A\u00e7\u00e3o para a Educa\u00e7\u00e3o Digital, destinado ajudar cidad\u00e3os e institui\u00e7\u00f5es de ensino \u201ca melhor se adaptarem \u00e0 vida e ao [&hellip;]<\/p>\n","protected":false},"author":1,"featured_media":0,"comment_status":"closed","ping_status":"closed","sticky":false,"template":"","format":"standard","meta":{"footnotes":""},"categories":[15],"tags":[533,1929,1356,308,198,8,99],"class_list":["post-5865","post","type-post","status-publish","format-standard","hentry","category-tic-mais","tag-cidadaos","tag-comissao-europeia","tag-competencias","tag-digital","tag-educacao","tag-inclusao-digital","tag-uniao-europeia"],"_links":{"self":[{"href":"https:\/\/www.ticmais.pt\/index.php?rest_route=\/wp\/v2\/posts\/5865","targetHints":{"allow":["GET"]}}],"collection":[{"href":"https:\/\/www.ticmais.pt\/index.php?rest_route=\/wp\/v2\/posts"}],"about":[{"href":"https:\/\/www.ticmais.pt\/index.php?rest_route=\/wp\/v2\/types\/post"}],"author":[{"embeddable":true,"href":"https:\/\/www.ticmais.pt\/index.php?rest_route=\/wp\/v2\/users\/1"}],"replies":[{"embeddable":true,"href":"https:\/\/www.ticmais.pt\/index.php?rest_route=%2Fwp%2Fv2%2Fcomments&post=5865"}],"version-history":[{"count":0,"href":"https:\/\/www.ticmais.pt\/index.php?rest_route=\/wp\/v2\/posts\/5865\/revisions"}],"wp:attachment":[{"href":"https:\/\/www.ticmais.pt\/index.php?rest_route=%2Fwp%2Fv2%2Fmedia&parent=5865"}],"wp:term":[{"taxonomy":"category","embeddable":true,"href":"https:\/\/www.ticmais.pt\/index.php?rest_route=%2Fwp%2Fv2%2Fcategories&post=5865"},{"taxonomy":"post_tag","embeddable":true,"href":"https:\/\/www.ticmais.pt\/index.php?rest_route=%2Fwp%2Fv2%2Ftags&post=5865"}],"curies":[{"name":"wp","href":"https:\/\/api.w.org\/{rel}","templated":true}]}}